{"id":18555,"date":"2020-02-25T16:52:32","date_gmt":"2020-02-25T16:52:32","guid":{"rendered":"http:\/\/rurallascolonias.com.ar\/?p=18555"},"modified":"2020-02-25T16:52:32","modified_gmt":"2020-02-25T16:52:32","slug":"rechazo-de-carsfe-a-un-nuevo-aumento-de-retenciones-agropecuarias","status":"publish","type":"post","link":"http:\/\/rurallascolonias.com.ar\/?p=18555","title":{"rendered":"RECHAZO DE Carsfe A UN NUEVO AUMENTO DE RETENCIONES AGROPECUARIAS"},"content":{"rendered":"<h5><em><a href=\"http:\/\/rurallascolonias.com.ar\/?attachment_id=18556\" rel=\"attachment wp-att-18556\"><img loading=\"lazy\" class=\"aligncenter size-full wp-image-18556\" src=\"http:\/\/rurallascolonias.com.ar\/wp-content\/uploads\/2020\/02\/Carlos-Castagnani-carsfe-2.jpg\" alt=\"\" width=\"512\" height=\"288\" srcset=\"http:\/\/rurallascolonias.com.ar\/wp-content\/uploads\/2020\/02\/Carlos-Castagnani-carsfe-2.jpg 512w, http:\/\/rurallascolonias.com.ar\/wp-content\/uploads\/2020\/02\/Carlos-Castagnani-carsfe-2-300x169.jpg 300w\" sizes=\"(max-width: 512px) 100vw, 512px\" \/><\/a>\u00abLas bases est\u00e1n incontenibles\u00bb dijo Carlos Castagnani, titular de la Confederaci\u00f3n de Asociaciones Rurales de Santa Fe. Rechaz\u00f3 otro aumento en las retenciones y destac\u00f3 el trabajo integrado en las Mesas Sectoriales de la semana pasada<\/em><\/h5>\n<p><!--more--><\/p>\n<p>&nbsp;<\/p>\n<p class=\"selectionShareable\">Este fin de semana, un medio period\u00edstico cercano al Gobierno Nacional inform\u00f3 que el 1 de marzo se anunciar\u00eda un aumento del 3 % de las retenciones a la soja. \u201cEl Presidente anunciar\u00e1 una suba en los derechos de exportaci\u00f3n de la soja y el aceite de soja del 3%. As\u00ed se generar\u00e1n nuevos ingresos para el fisco, que apuntalar\u00e1n el delicado esquema social\u201d, asegura el sitio El Destape Web.<\/p>\n<p class=\"selectionShareable\">Consultado por Campolitoral sobre esta medida, el presidente de Carsfe expres\u00f3 su rechazo inmediato. \u201cCreo que lamentablemente otro aumento de las retenciones pone a los productores en un enfrentamiento in\u00fatil, porque las bases ser\u00e1n incontenibles en una acci\u00f3n de protesta. Adem\u00e1s, el presidente le prometi\u00f3 a la Mesa de Enlace que cualquier cambio en el esquema impositivo ser\u00eda consultado con las entidades, algo que no sucedi\u00f3\u201d, manifest\u00f3.<\/p>\n<p class=\"selectionShareable\">Seg\u00fan Castagnani el ambiente \u201cse est\u00e1 enrareciendo\u201d. Y detall\u00f3 que la semana pasada, en el marco de la segunda reuni\u00f3n de la Mesa de Enlace en CRA recibieron el llamado de Basterra (ministro de Agricultura, Ganader\u00eda y Pesca de la Naci\u00f3n), quien propuso un encuentro para esta semana (ser\u00eda el jueves o viernes). \u201cLa presi\u00f3n tributaria para el campo es preocupante. Hoy cualquiera cree que toda la soja da 45 qq de rinde, pero en el campo hay zonas que han perdido las sojas de segunda con rindes muy pobres. A medida que te alej\u00e1s de los puertos el impacto es mayor, pero no olvidemos que por m\u00e1s que haya buenas perspectivas, venimos golpeados del a\u00f1o pasado. El campo es un m\u00e1quina de invertir, y cuando cosecha, el productor la reinvierte en el campo. Sin dudas, que de concretarse, esto har\u00e1 que sea menor la inversi\u00f3n\u201d, adelant\u00f3.<\/p>\n<p class=\"selectionShareable\"><strong>Cursos de acci\u00f3n<\/strong><\/p>\n<p>El ruralista expres\u00f3 que en caso de concretarse la medida, \u201clo analizaremos con los asociados de las rurales. Veo en las recorridas por Santa Fe que ser\u00e1 un impacto fuerte y desatar\u00e1 medidas de protesta. Va a haber un impacto grande traducido en una fuerte ca\u00edda en la inversi\u00f3n\u201d, sostuvo. Y agreg\u00f3 que en cuanto a las medidas de fuerza, \u201clos dirigentes no nos tenemos que creer que somos los due\u00f1os de las entidades, y ser\u00e1n los productores asociados quienes decidan los pasos a seguir\u201d.<\/p>\n<p class=\"selectionShareable\">En esta l\u00ednea, explic\u00f3 que en la constante recorrida que hacen por la provincia reciben el mismo mensaje: \u201chagan algo\u201d. Y agreg\u00f3 que \u201cuno busca evitar la confrontaci\u00f3n, y ojal\u00e1 que no sea nada m\u00e1s que un comentario. Sabemos que el Gobierno lo puede hacer, pero en ese caso nosotros tambi\u00e9n tenemos la libertad de implementar alguna medida. Por ahora, comunicando nuestro desagrado\u201d.<\/p>\n<p class=\"selectionShareable\">Tambi\u00e9n se explay\u00f3 manifestando que el campo es el sector que m\u00e1s aporta a las arcas del Gobierno. \u201cNo es que estamos de fiesta, somos quienes m\u00e1s invertimos en el pa\u00eds en forma directa. Adem\u00e1s, el presidente sostuvo que quer\u00eda gobernar junto al campo y no contra el cmapo. Nosotros aompa\u00f1amos estas palabras, por eso mismo ser\u00eda una medida inconsulta\u201d.<\/p>\n<p class=\"selectionShareable\">Finalmente, destac\u00f3 que la semana pasada tuvieron una agenda cargada: \u201cen el Ministerio de la Producci\u00f3n nos reunimos para analizar pol\u00edticas para la apicultura, la carne porcina, la carne bovina y la lecher\u00eda. Adem\u00e1s, nos sigue preocupando el tema de la actualidad de Vicent\u00edn, que analizamos junto a la Bolsa de Comercio de Rosario\u201d, expres\u00f3.<\/p>\n<p>&nbsp;<\/p>\n<p>Campo Litoral<\/p>\n","protected":false},"excerpt":{"rendered":"<p>\u00abLas bases est\u00e1n incontenibles\u00bb dijo Carlos Castagnani, titular de la Confederaci\u00f3n de Asociaciones Rurales de Santa Fe. Rechaz\u00f3 otro aumento en las retenciones y destac\u00f3 el trabajo integrado en las Mesas Sectoriales de la semana pasada<\/p>\n","protected":false},"author":5,"featured_media":0,"comment_status":"open","ping_status":"open","sticky":false,"template":"","format":"standard","meta":[],"categories":[14],"tags":[116,120,291,4321],"_links":{"self":[{"href":"http:\/\/rurallascolonias.com.ar\/index.php?rest_route=\/wp\/v2\/posts\/18555"}],"collection":[{"href":"http:\/\/rurallascolonias.com.ar\/index.php?rest_route=\/wp\/v2\/posts"}],"about":[{"href":"http:\/\/rurallascolonias.com.ar\/index.php?rest_route=\/wp\/v2\/types\/post"}],"author":[{"embeddable":true,"href":"http:\/\/rurallascolonias.com.ar\/index.php?rest_route=\/wp\/v2\/users\/5"}],"replies":[{"embeddable":true,"href":"http:\/\/rurallascolonias.com.ar\/index.php?rest_route=%2Fwp%2Fv2%2Fcomments&post=18555"}],"version-history":[{"count":1,"href":"http:\/\/rurallascolonias.com.ar\/index.php?rest_route=\/wp\/v2\/posts\/18555\/revisions"}],"predecessor-version":[{"id":18557,"href":"http:\/\/rurallascolonias.com.ar\/index.php?rest_route=\/wp\/v2\/posts\/18555\/revisions\/18557"}],"wp:attachment":[{"href":"http:\/\/rurallascolonias.com.ar\/index.php?rest_route=%2Fwp%2Fv2%2Fmedia&parent=18555"}],"wp:term":[{"taxonomy":"category","embeddable":true,"href":"http:\/\/rurallascolonias.com.ar\/index.php?rest_route=%2Fwp%2Fv2%2Fcategories&post=18555"},{"taxonomy":"post_tag","embeddable":true,"href":"http:\/\/rurallascolonias.com.ar\/index.php?rest_route=%2Fwp%2Fv2%2Ftags&post=18555"}],"curies":[{"name":"wp","href":"https:\/\/api.w.org\/{rel}","templated":true}]}}