{"id":18515,"date":"2020-02-13T17:15:33","date_gmt":"2020-02-13T17:15:33","guid":{"rendered":"http:\/\/rurallascolonias.com.ar\/?p=18515"},"modified":"2020-02-13T17:15:33","modified_gmt":"2020-02-13T17:15:33","slug":"se-realizo-anoche-la-charla-para-usuarios-de-control-lechero","status":"publish","type":"post","link":"http:\/\/rurallascolonias.com.ar\/?p=18515","title":{"rendered":"SE REALIZ\u00d3 ANOCHE LA CHARLA PARA USUARIOS DE CONTROL LECHERO"},"content":{"rendered":"<p><em><strong><a href=\"http:\/\/rurallascolonias.com.ar\/?attachment_id=18523\" rel=\"attachment wp-att-18523\"><img loading=\"lazy\" class=\"aligncenter size-full wp-image-18523\" src=\"http:\/\/rurallascolonias.com.ar\/wp-content\/uploads\/2020\/02\/chrla.jpg\" alt=\"\" width=\"959\" height=\"540\" srcset=\"http:\/\/rurallascolonias.com.ar\/wp-content\/uploads\/2020\/02\/chrla.jpg 959w, http:\/\/rurallascolonias.com.ar\/wp-content\/uploads\/2020\/02\/chrla-300x169.jpg 300w, http:\/\/rurallascolonias.com.ar\/wp-content\/uploads\/2020\/02\/chrla-768x432.jpg 768w, http:\/\/rurallascolonias.com.ar\/wp-content\/uploads\/2020\/02\/chrla-600x338.jpg 600w, http:\/\/rurallascolonias.com.ar\/wp-content\/uploads\/2020\/02\/chrla-624x351.jpg 624w\" sizes=\"(max-width: 959px) 100vw, 959px\" \/><\/a>Fue en el Sal\u00f3n de la Sociedad Rural de Las Colonias y cont\u00f3 con la presencia de productores de la zona. La charla estuvo a cargo de los m\u00e9dicos veterinarios Pedro Rostagno, secretario de ALECoL quien habl\u00f3 r\u00e1pidamente de la historia del control lechero y Benito Jaureguiberry, coordinador t\u00e9cnico de la regional de Entre R\u00edos, haciendo referencia a c\u00f3mo se llega a la decisi\u00f3n de la desvinculaci\u00f3n con ACHA<\/strong><\/em><!--more--><\/p>\n<p><a href=\"http:\/\/rurallascolonias.com.ar\/?attachment_id=18524\" rel=\"attachment wp-att-18524\"><img loading=\"lazy\" class=\"aligncenter size-full wp-image-18524\" src=\"http:\/\/rurallascolonias.com.ar\/wp-content\/uploads\/2020\/02\/chrla-2.jpg\" alt=\"\" width=\"959\" height=\"540\" srcset=\"http:\/\/rurallascolonias.com.ar\/wp-content\/uploads\/2020\/02\/chrla-2.jpg 959w, http:\/\/rurallascolonias.com.ar\/wp-content\/uploads\/2020\/02\/chrla-2-300x169.jpg 300w, http:\/\/rurallascolonias.com.ar\/wp-content\/uploads\/2020\/02\/chrla-2-768x432.jpg 768w, http:\/\/rurallascolonias.com.ar\/wp-content\/uploads\/2020\/02\/chrla-2-600x338.jpg 600w, http:\/\/rurallascolonias.com.ar\/wp-content\/uploads\/2020\/02\/chrla-2-624x351.jpg 624w\" sizes=\"(max-width: 959px) 100vw, 959px\" \/><\/a>Cabe recordar que en septiembre de 2019 se produce la renuncia un\u00e1nime de las cuatro regionales de Control Lechero (La Pampa&#8211;Buenos Aires, C\u00f3rdoba, Entre R\u00edos y Santa Fe) al servicio oficial de ACHA. Las entidades operativas de los controles que funcionan en las rurales de todas las cuencas lecheras, quedaron en una encrucijada entre el Control Oficial que depende de ACHA y del servicio que desde siempre coordinan y registran las Regionales, que antes reportaban a dicha entidad de Criadores pero ahora trabajan en forma aut\u00f3noma y aut\u00e1rquica.<\/p>\n<p><a href=\"http:\/\/rurallascolonias.com.ar\/?attachment_id=18522\" rel=\"attachment wp-att-18522\"><img loading=\"lazy\" class=\"aligncenter size-full wp-image-18522\" src=\"http:\/\/rurallascolonias.com.ar\/wp-content\/uploads\/2020\/02\/20200212_205248.jpg\" alt=\"\" width=\"4128\" height=\"2322\" srcset=\"http:\/\/rurallascolonias.com.ar\/wp-content\/uploads\/2020\/02\/20200212_205248.jpg 4128w, http:\/\/rurallascolonias.com.ar\/wp-content\/uploads\/2020\/02\/20200212_205248-300x169.jpg 300w, http:\/\/rurallascolonias.com.ar\/wp-content\/uploads\/2020\/02\/20200212_205248-768x432.jpg 768w, http:\/\/rurallascolonias.com.ar\/wp-content\/uploads\/2020\/02\/20200212_205248-1024x576.jpg 1024w, http:\/\/rurallascolonias.com.ar\/wp-content\/uploads\/2020\/02\/20200212_205248-600x338.jpg 600w, http:\/\/rurallascolonias.com.ar\/wp-content\/uploads\/2020\/02\/20200212_205248-624x351.jpg 624w\" sizes=\"(max-width: 4128px) 100vw, 4128px\" \/><\/a>El objetivo del encuentro fue para llevarles tranquilidad al productor tambero e informarlos de forma clara y precisa acerca del control lechero.<\/p>\n<p>Sociedad Rural de Las Colonias<\/p>\n","protected":false},"excerpt":{"rendered":"<p>Fue en el Sal\u00f3n de la Sociedad Rural de Las Colonias y cont\u00f3 con la presencia de productores de la zona. La charla estuvo a cargo de los m\u00e9dicos veterinarios Pedro Rostagno, secretario de ALECoL quien habl\u00f3 r\u00e1pidamente de la historia del control lechero y Benito Jaureguiberry, coordinador t\u00e9cnico de la regional de Entre R\u00edos, [&hellip;]<\/p>\n","protected":false},"author":5,"featured_media":0,"comment_status":"open","ping_status":"open","sticky":false,"template":"","format":"standard","meta":[],"categories":[2306],"tags":[186,3696,4319],"_links":{"self":[{"href":"http:\/\/rurallascolonias.com.ar\/index.php?rest_route=\/wp\/v2\/posts\/18515"}],"collection":[{"href":"http:\/\/rurallascolonias.com.ar\/index.php?rest_route=\/wp\/v2\/posts"}],"about":[{"href":"http:\/\/rurallascolonias.com.ar\/index.php?rest_route=\/wp\/v2\/types\/post"}],"author":[{"embeddable":true,"href":"http:\/\/rurallascolonias.com.ar\/index.php?rest_route=\/wp\/v2\/users\/5"}],"replies":[{"embeddable":true,"href":"http:\/\/rurallascolonias.com.ar\/index.php?rest_route=%2Fwp%2Fv2%2Fcomments&post=18515"}],"version-history":[{"count":1,"href":"http:\/\/rurallascolonias.com.ar\/index.php?rest_route=\/wp\/v2\/posts\/18515\/revisions"}],"predecessor-version":[{"id":18525,"href":"http:\/\/rurallascolonias.com.ar\/index.php?rest_route=\/wp\/v2\/posts\/18515\/revisions\/18525"}],"wp:attachment":[{"href":"http:\/\/rurallascolonias.com.ar\/index.php?rest_route=%2Fwp%2Fv2%2Fmedia&parent=18515"}],"wp:term":[{"taxonomy":"category","embeddable":true,"href":"http:\/\/rurallascolonias.com.ar\/index.php?rest_route=%2Fwp%2Fv2%2Fcategories&post=18515"},{"taxonomy":"post_tag","embeddable":true,"href":"http:\/\/rurallascolonias.com.ar\/index.php?rest_route=%2Fwp%2Fv2%2Ftags&post=18515"}],"curies":[{"name":"wp","href":"https:\/\/api.w.org\/{rel}","templated":true}]}}