{"id":18501,"date":"2020-02-10T14:30:47","date_gmt":"2020-02-10T14:30:47","guid":{"rendered":"http:\/\/rurallascolonias.com.ar\/?p=18501"},"modified":"2020-02-10T14:30:47","modified_gmt":"2020-02-10T14:30:47","slug":"los-productores-ante-una-carga-impositiva-imposible-de-soportar","status":"publish","type":"post","link":"http:\/\/rurallascolonias.com.ar\/?p=18501","title":{"rendered":"LOS PRODUCTORES ANTE UNA CARGA IMPOSITIVA \u00abimposible de soportar\u00bb"},"content":{"rendered":"<p><em><strong><a href=\"http:\/\/rurallascolonias.com.ar\/?attachment_id=226\" rel=\"attachment wp-att-226\"><img loading=\"lazy\" class=\"alignright size-full wp-image-226\" src=\"http:\/\/rurallascolonias.com.ar\/wp-content\/uploads\/2013\/11\/Chemes-en-la-protesta-tambera-300x133.jpg\" alt=\"\" width=\"300\" height=\"133\" \/><\/a>El titular de Confederaciones Rurales Argentinas advirti\u00f3 que el campo no tienen financiaci\u00f3n. Diferenci\u00f3 el sector agr\u00edcola que se sostiene \u201ccomo puede\u201d, de los ganaderos que tienen en China una gran oportunidad<\/strong><\/em><!--more--><\/p>\n<p>El presidente de Confederaciones Rurales Argentinas (CRA), Jorge Chemes, afirm\u00f3 que los productores piden \u201creglas claras\u201d y que la carga impositiva \u201ces imposible de soportar\u201d, aunque no ve posible un nuevo enfrentamiento con el Gobierno como en 2008.<br \/>\nDestac\u00f3 que el actual Gobierno nacional \u201ctiene visiones que no est\u00e1n equivocadas\u201d en cuanto a ayudar a las pymes del interior, y afirm\u00f3 que hay que diferenciar en las asambleas de productores a \u201cquien viene a protestar porque tiene bronca de haber perdido las elecciones\u201d.<br \/>\n-\u00bfC\u00f3mo est\u00e1 el campo hoy? \u00bfEn qu\u00e9 situaci\u00f3n se encuentra el sector?<br \/>\n&#8211; No es f\u00e1cil dar una opini\u00f3n general de situaci\u00f3n, porque la diversidad de la producci\u00f3n hace que la situaci\u00f3n sea muy diversa. Si uno toma la generalidad, se llega a la conclusi\u00f3n de que el campo no est\u00e1 bien, porque no tenemos financiaci\u00f3n ni cr\u00e9ditos a tasas razonables. Con un inter\u00e9s del 80% es imposible.<br \/>\nLa financiaci\u00f3n en el campo es sumamente importante, porque las inversiones que uno hace se ven dentro de cuatro o cinco a\u00f1os, y nadie tiene un bolsillo para aguantar y se dedique a otra cosa.<br \/>\nPor otro lado, hay un sector ganadero que es el que mejor est\u00e1 porque la situaci\u00f3n de exportaci\u00f3n con China cambi\u00f3 el panorama notablemente. Hay un sector agr\u00edcola que est\u00e1 tratando de sostenerse como puede, y ah\u00ed hay que dividir al productor que est\u00e1 endeudado, que est\u00e1 desesperado, y el que no.<br \/>\nY hay un tercer segmento que son las econom\u00edas regionales y est\u00e1n muy mal. Si hay que hacerle una cr\u00edtica al gobierno anterior es la poca importancia que se le dio a esto, y no tom\u00f3 consciencia de que son el principal motor del pa\u00eds. Se hizo un diagn\u00f3stico equivocado, porque todo lo que es ganader\u00eda-agricultura es la macroeconom\u00eda agropecuaria que se financia a trav\u00e9s de exportaciones; pero las econom\u00edas regionales dan mano de obra, son empresas familiares, las plantas de las pymes regionales gastan la plata localmente y generan un dinamismo que cuando no est\u00e1 terminan con pueblos empobrecidos.<br \/>\n&#8211; \u00bfC\u00f3mo considera la gesti\u00f3n del anterior gobierno en pol\u00edtica agropecuaria? \u00bfCu\u00e1les fueron sus aciertos y sus errores?<br \/>\n&#8211; La eliminaci\u00f3n de las retenciones fue algo exitoso, porque si hay algo que hist\u00f3ricamente se demuestra es que cuando baja la carga impositiva aumenta la producci\u00f3n y cuando pasa lo contrario cae, y hay menos ingresos para el productor y para el pa\u00eds. Siempre ocurri\u00f3 eso. Eso fue un acierto.<\/p>\n<p>Tal vez tambi\u00e9n haber intentado planear un futuro un poco m\u00e1s claro hacia lo que era la producci\u00f3n agropecuaria y la posibilidad de la apertura de mercados, porque incentiv\u00f3 la producci\u00f3n y la visi\u00f3n de ver al campo como una fuente de desarrollo y crecimiento y no s\u00f3lo de recursos fiscales tambi\u00e9n.<br \/>\nPero creo que hubo diagn\u00f3sticos sumamente equivocados: la poca importancia que se le dio a las pymes, las tasas de inter\u00e9s de financiaci\u00f3n llevaron a la quiebra a muchos productores y que gener\u00f3 un desorden financiero dentro del productor que hasta hoy se vive; no haber pensado ordenar dentro de las econom\u00edas regionales al sector lechero,y haber tenido la impericia de no darse cuenta de que esto nos llevaba a un camino de concentraci\u00f3n terrible. O han sido muy ingenuos porque no han sabido ver el error o si tengo que pensar que fue premeditado, creo que ha sido grav\u00edsimo.<br \/>\n&#8211; \u00bfA qu\u00e9 se refiere cu\u00e1ndo habla de que nos llev\u00f3 a un camino de concentraci\u00f3n?<br \/>\n&#8211; Todas estas pol\u00edticas llevaban a que al que ten\u00eda m\u00e1s dinero haga m\u00e1s y el que ten\u00eda menos dinero termine empobrecido. Generaron una profundizaci\u00f3n en esos dos extremos y destrozaron un sector que es la clase media, no s\u00f3lo en el sector agropecuario sino que lo vemos en la vida diaria. Pero si hablamos de campo, hablo del productor de 100 o 150 hect\u00e1reas que le destrozaron la vida, porque le cambi\u00f3 el futuro y el panorama.<\/p>\n<p>&#8211; \u00bfC\u00f3mo es la relaci\u00f3n con el gobierno actual?<\/p>\n<p>&#8211; Yo creo que este gobierno tiene muchas cosas que est\u00e1 pensando en esto que estamos hablando. Hay muchas medidas que apuntan a tratar de reflotar a ese productor que todav\u00eda se est\u00e1 ahogando y que no se le dio una ayuda. Creo que se apunta a eso. El ministro (Mat\u00edas) Kulfas, en campa\u00f1a, estuvo aqu\u00ed sentado y nos dijo que uno de los principales objetivos que ten\u00edan era reflotar las pymes en el interior, y de ayudar con menor carga impositiva a las que generaran mano de obra en origen, y eso es excelente. Por eso creo que tienen visiones que no est\u00e1n equivocadas.<br \/>\nNo s\u00e9 si tienen un pleno diagn\u00f3stico que no est\u00e9 ideologizado. Yo creo que esta orientaci\u00f3n que se le busca dar est\u00e1 muy buena. Si me dicen qu\u00e9 necesitamos es aliviar la carga impositiva, pero miramos la situaci\u00f3n del pa\u00eds y no es f\u00e1cil. El Estado necesita recursos, pero si hago una cr\u00edtica es que siempre se rasca la misma olla que es el sector agropecuario, que se busque otros sectores. Las ganancias extraordinarias las han tenido otros sectores que no han sido el campo.<\/p>\n<p>Presi\u00f3n y angustia<br \/>\n\u201cTodos sabemos que la carga impositiva en este momento, por la situaci\u00f3n del pa\u00eds, es necesaria. Pero creo que hay un desequilibrio. Hoy hablamos de retenciones, pero la verdad es que \u00e9se no es el \u00fanico problema, es la gota que rebals\u00f3 en vaso\u201d, dijo el titular de CRA. Para Chemes, \u201cla carga que tiene hoy el productor es imposible de soportar, porque se paga impuestos nacionales, provinciales y en muchos casos municipales\u201d.<br \/>\nSobre lo que observa en las asambleas, el directivo dijo que \u201cm\u00e1s que bronca, veo mucha angustia en el productor, porque no sabe ad\u00f3nde est\u00e1 parado, ni sabe lo qu\u00e9 tiene hacia adelante. Muchos productores no ponen el \u00e9nfasis en la rentabilidad (obvio que todos quieren rentabilidad), sino en las reglas claras, que es lo que no hay.<br \/>\n\u201cPero tambi\u00e9n piden y aceptan que no dejemos la negociaci\u00f3n, con lo cual quiere decir que la gente piensa y sabe que hay que agotar todas las instancias de negociaci\u00f3n antes de llegar al enfrentamiento\u201d, se\u00f1al\u00f3.<\/p>\n<p>Sostuvo que este \u201ces otro pa\u00eds, otra situaci\u00f3n, otro tipo de productor. Los productores que en esa \u00e9poca ten\u00edamos 50 hoy tenemos 60 y pico y no tenemos las mismas energ\u00edas, muchos han desaparecido. S\u00ed creo que el productor hoy est\u00e1 m\u00e1s decidido a que se haga p\u00fablico lo que le est\u00e1 pasando y con estas herramientas quiere manifestar eso. Quiere que la gente escuche lo que le est\u00e1 pasando, que es grave. Pero quiero dejar algo claro, que lo puedo decir porque la mayor\u00eda de las veces estoy arriba y puedo ver a la gente de frente y mirando a los ojos. Me doy cuenta qui\u00e9n es el que viene a protestar por todo esto que digo, y quien viene a protestar porque tiene bronca de haber perdido las elecciones\u201d.<\/p>\n<p>Campolitoral | T\u00e9lam<\/p>\n","protected":false},"excerpt":{"rendered":"<p>El titular de Confederaciones Rurales Argentinas advirti\u00f3 que el campo no tienen financiaci\u00f3n. Diferenci\u00f3 el sector agr\u00edcola que se sostiene \u201ccomo puede\u201d, de los ganaderos que tienen en China una gran oportunidad<\/p>\n","protected":false},"author":5,"featured_media":0,"comment_status":"open","ping_status":"open","sticky":false,"template":"","format":"standard","meta":[],"categories":[42],"tags":[3682,11,312],"_links":{"self":[{"href":"http:\/\/rurallascolonias.com.ar\/index.php?rest_route=\/wp\/v2\/posts\/18501"}],"collection":[{"href":"http:\/\/rurallascolonias.com.ar\/index.php?rest_route=\/wp\/v2\/posts"}],"about":[{"href":"http:\/\/rurallascolonias.com.ar\/index.php?rest_route=\/wp\/v2\/types\/post"}],"author":[{"embeddable":true,"href":"http:\/\/rurallascolonias.com.ar\/index.php?rest_route=\/wp\/v2\/users\/5"}],"replies":[{"embeddable":true,"href":"http:\/\/rurallascolonias.com.ar\/index.php?rest_route=%2Fwp%2Fv2%2Fcomments&post=18501"}],"version-history":[{"count":1,"href":"http:\/\/rurallascolonias.com.ar\/index.php?rest_route=\/wp\/v2\/posts\/18501\/revisions"}],"predecessor-version":[{"id":18502,"href":"http:\/\/rurallascolonias.com.ar\/index.php?rest_route=\/wp\/v2\/posts\/18501\/revisions\/18502"}],"wp:attachment":[{"href":"http:\/\/rurallascolonias.com.ar\/index.php?rest_route=%2Fwp%2Fv2%2Fmedia&parent=18501"}],"wp:term":[{"taxonomy":"category","embeddable":true,"href":"http:\/\/rurallascolonias.com.ar\/index.php?rest_route=%2Fwp%2Fv2%2Fcategories&post=18501"},{"taxonomy":"post_tag","embeddable":true,"href":"http:\/\/rurallascolonias.com.ar\/index.php?rest_route=%2Fwp%2Fv2%2Ftags&post=18501"}],"curies":[{"name":"wp","href":"https:\/\/api.w.org\/{rel}","templated":true}]}}