{"id":18479,"date":"2020-02-06T10:39:02","date_gmt":"2020-02-06T10:39:02","guid":{"rendered":"http:\/\/rurallascolonias.com.ar\/?p=18479"},"modified":"2020-02-06T16:43:14","modified_gmt":"2020-02-06T16:43:14","slug":"coninagro-denuncia-que-no-hay-planes-de-vivienda-rural-y-pide-lanzar-un-procrear-para-el-sector","status":"publish","type":"post","link":"http:\/\/rurallascolonias.com.ar\/?p=18479","title":{"rendered":"CONINAGRO DENUNCIA QUE \u00abno hay planes de vivienda rural\u00bb Y PIDE LANZAR UN PROCREAR PARA EL SECTOR"},"content":{"rendered":"<p><strong><em><a href=\"http:\/\/rurallascolonias.com.ar\/?attachment_id=18481\" rel=\"attachment wp-att-18481\"><img loading=\"lazy\" class=\"alignright size-full wp-image-18481\" src=\"http:\/\/rurallascolonias.com.ar\/wp-content\/uploads\/2020\/02\/procrear-750x375.jpeg\" alt=\"\" width=\"750\" height=\"375\" srcset=\"http:\/\/rurallascolonias.com.ar\/wp-content\/uploads\/2020\/02\/procrear-750x375.jpeg 750w, http:\/\/rurallascolonias.com.ar\/wp-content\/uploads\/2020\/02\/procrear-750x375-300x150.jpeg 300w, http:\/\/rurallascolonias.com.ar\/wp-content\/uploads\/2020\/02\/procrear-750x375-600x300.jpeg 600w, http:\/\/rurallascolonias.com.ar\/wp-content\/uploads\/2020\/02\/procrear-750x375-624x312.jpeg 624w\" sizes=\"(max-width: 750px) 100vw, 750px\" \/><\/a>\u201cEn la actualidad no hay planes de Vivienda Rural. No los hubo en el Gobierno anterior y podr\u00eda ser una nueva modalidad para el gobierno que comenz\u00f3 en diciembre pasado su gesti\u00f3n\u201d, dijo el titular de Coninagro, Carlos Iannizzotto, al reclamar que las autoridades estudien la posibilidad de poner en marcha una suerte de Plan Procrear para la construcci\u00f3n de viviendas en el campo<\/em><\/strong><!--more--><\/p>\n<p>Una gacetilla de la entidad cooperativista, en ese sentido, record\u00f3 que en 2018 present\u00f3 al Congreso un proyecto de ley destinado al desarrollo de las Econom\u00edas Regionales. Y que uno de sus art\u00edculos pone \u00e9nfasis en la necesidad de apuntalar el \u201carraigo\u201d de la gente en las zonas rurales. \u201cEn este contexto, desde la entidad se ha propuesto crear el Procrear Rural, que busca adem\u00e1s activar la econom\u00eda y el desarrollo del campo\u201d, indic\u00f3.<\/p>\n<p>Seg\u00fan Iannizzotto, \u201ces importante que exista una pol\u00edtica habitacional para mucha gente que se desarrolla en el campo. La dignidad del trabajo tiene que estar acompa\u00f1ada de una vivienda familiar acorde al esfuerzo y al compromiso. Estamos seguros de que se puede destinar cr\u00e9dito para la vivienda rural\u201d.<\/p>\n<p>En ese sentido, el dirigente de la Mesa de Enlace explic\u00f3 que mientras \u201cel problema de la vivienda urbana es el valor de la construcci\u00f3n y la limitaci\u00f3n en ubicaci\u00f3n y costo de los terrenos, en los sectores rurales la extensi\u00f3n y posibilidades de tierra se multiplican\u201d.<\/p>\n<p>En su art\u00edculo 27, la propuesta de ley sobre econom\u00edas regionales que elabor\u00f3 Coninagro defin\u00eda el Procrear Rural como \u201cun programa de cr\u00e9dito argentino destinado a cubrir el d\u00e9ficit habitacional fuera de los centros urbanos y con regulaciones espec\u00edficas y adaptadas al empleo en la ruralidad que ser\u00e1n determinadas por la autoridad de aplicaci\u00f3n, en este caso, el Ministerio del Interior, Obras P\u00fablicas y Vivienda\u201d.<\/p>\n<p>Otras entidades, en esta caso las del Foro Agrario Nacional, tambi\u00e9n han mencionado la posibilidad de impulsar un Procrear Rural, pero no solo para financiar la construcci\u00f3n de viviendas en zonas rurales (donde existen al menos 75 mil casas abandonadas o taperas, seg\u00fan el \u00faltimo Censo Agropecuario), sino para promover que los productores m\u00e1s peque\u00f1os que hoy son arrendatarios (especialmente en los periurbanos hort\u00edcolas) puedan acceder primero a un pedazo de tierra, para luego afincarse all\u00ed y construir una vivienda<\/p>\n<p>Fuente: Bichos de Campo<\/p>\n","protected":false},"excerpt":{"rendered":"<p>\u201cEn la actualidad no hay planes de Vivienda Rural. No los hubo en el Gobierno anterior y podr\u00eda ser una nueva modalidad para el gobierno que comenz\u00f3 en diciembre pasado su gesti\u00f3n\u201d, dijo el titular de Coninagro, Carlos Iannizzotto, al reclamar que las autoridades estudien la posibilidad de poner en marcha una suerte de Plan [&hellip;]<\/p>\n","protected":false},"author":5,"featured_media":0,"comment_status":"open","ping_status":"open","sticky":false,"template":"","format":"standard","meta":[],"categories":[14],"tags":[216,829,4314,4313],"_links":{"self":[{"href":"http:\/\/rurallascolonias.com.ar\/index.php?rest_route=\/wp\/v2\/posts\/18479"}],"collection":[{"href":"http:\/\/rurallascolonias.com.ar\/index.php?rest_route=\/wp\/v2\/posts"}],"about":[{"href":"http:\/\/rurallascolonias.com.ar\/index.php?rest_route=\/wp\/v2\/types\/post"}],"author":[{"embeddable":true,"href":"http:\/\/rurallascolonias.com.ar\/index.php?rest_route=\/wp\/v2\/users\/5"}],"replies":[{"embeddable":true,"href":"http:\/\/rurallascolonias.com.ar\/index.php?rest_route=%2Fwp%2Fv2%2Fcomments&post=18479"}],"version-history":[{"count":1,"href":"http:\/\/rurallascolonias.com.ar\/index.php?rest_route=\/wp\/v2\/posts\/18479\/revisions"}],"predecessor-version":[{"id":18482,"href":"http:\/\/rurallascolonias.com.ar\/index.php?rest_route=\/wp\/v2\/posts\/18479\/revisions\/18482"}],"wp:attachment":[{"href":"http:\/\/rurallascolonias.com.ar\/index.php?rest_route=%2Fwp%2Fv2%2Fmedia&parent=18479"}],"wp:term":[{"taxonomy":"category","embeddable":true,"href":"http:\/\/rurallascolonias.com.ar\/index.php?rest_route=%2Fwp%2Fv2%2Fcategories&post=18479"},{"taxonomy":"post_tag","embeddable":true,"href":"http:\/\/rurallascolonias.com.ar\/index.php?rest_route=%2Fwp%2Fv2%2Ftags&post=18479"}],"curies":[{"name":"wp","href":"https:\/\/api.w.org\/{rel}","templated":true}]}}