{"id":18475,"date":"2020-02-06T16:38:49","date_gmt":"2020-02-06T16:38:49","guid":{"rendered":"http:\/\/rurallascolonias.com.ar\/?p=18475"},"modified":"2020-02-06T16:38:49","modified_gmt":"2020-02-06T16:38:49","slug":"las-exportaciones-argentinas-ante-un-panorama-poco-prometedor","status":"publish","type":"post","link":"http:\/\/rurallascolonias.com.ar\/?p=18475","title":{"rendered":"LAS EXPORTACIONES ARGENTINAS ANTE UN PANORAMA \u00abPOCO PROMETEDOR\u00bb"},"content":{"rendered":"<p><em><strong><a href=\"http:\/\/rurallascolonias.com.ar\/?attachment_id=18477\" rel=\"attachment wp-att-18477\"><img loading=\"lazy\" class=\"alignright size-full wp-image-18477\" src=\"http:\/\/rurallascolonias.com.ar\/wp-content\/uploads\/2020\/02\/exportaciones-de-carne.jpg\" alt=\"\" width=\"1024\" height=\"683\" srcset=\"http:\/\/rurallascolonias.com.ar\/wp-content\/uploads\/2020\/02\/exportaciones-de-carne.jpg 1024w, http:\/\/rurallascolonias.com.ar\/wp-content\/uploads\/2020\/02\/exportaciones-de-carne-300x200.jpg 300w, http:\/\/rurallascolonias.com.ar\/wp-content\/uploads\/2020\/02\/exportaciones-de-carne-768x512.jpg 768w, http:\/\/rurallascolonias.com.ar\/wp-content\/uploads\/2020\/02\/exportaciones-de-carne-600x400.jpg 600w, http:\/\/rurallascolonias.com.ar\/wp-content\/uploads\/2020\/02\/exportaciones-de-carne-624x416.jpg 624w\" sizes=\"(max-width: 1024px) 100vw, 1024px\" \/><\/a>A pesar de que las ventas de carne vacuna durante 2019 fueron las m\u00e1s importantes de los \u00faltimos 30 a\u00f1os, dos factores, uno de origen local y otro externo complican las posibilidades de repetir el fen\u00f3meno en 2020<\/strong><\/em><!--more--><\/p>\n<p class=\"selectionShareable\">La C\u00e1mara de la Industria y Comercio de Carnes y Derivados de la Rep\u00fablica Argentina (CICCRA), advirti\u00f3 que \u00aba pesar de que las exportaciones de carne vacuna han sido las m\u00e1s importantes de los \u00faltimos 30 a\u00f1os, el futuro inmediato no parece ser prometedor debido a dos causas principales, una de origen local y otra de origen externo\u00bb.<\/p>\n<p class=\"selectionShareable\">\nLa primera causa, argument\u00f3 la C\u00e1mara, est\u00e1 en la falta de novillos pesados y muy probablemente en la falta de 300 mil terneros (estimado), debido al fuerte aumento de la faena de hembras registrado durante el a\u00f1o pasado (se faenaron 621 mil hembras m\u00e1s que en 2018)\u00bb.<\/p>\n<p class=\"selectionShareable\">\n<p class=\"selectionShareable\">La segunda causa es externa, generada en China y por dos motivos: Por un lado, a causa del fuerte recorte del cr\u00e9dito impulsado por el gobierno chino que gener\u00f3 una ca\u00edda de 30% a 40% sobre los precios de compra pagados hasta septiembre.<\/p>\n<p class=\"selectionShareable\">\nPor el otro lado, la aparici\u00f3n del coronavirus y las consecuentes medidas sanitarias impuestas en el pa\u00eds genera complicaciones en la logistica portuaria, afirma el informe.<\/p>\n<p class=\"selectionShareable\">\n\u201cSi la cuarentena se ha cumplido \u2013evitando el traslado de personas y dem\u00e1s medidas restrictivas \u2013es l\u00f3gico suponer que no ha habido la demanda esperada y, por lo tanto, los pedidos desde ese pa\u00eds disminuir\u00e1n fuertemente, hasta tanto puedan colocar los stocks existentes\u201d, explic\u00f3 Ciccra.<\/p>\n<p class=\"selectionShareable\">\n<strong>Baja el consumo interno<\/strong><\/p>\n<p class=\"selectionShareable\">\n<p class=\"selectionShareable\">Al mercado interno se habr\u00edan enviado 187,8 mil tn r\/c\/h de carne vacuna en elprimer mes del a\u00f1o, estim\u00f3 el informe.<\/p>\n<p class=\"selectionShareable\">\n<p class=\"selectionShareable\">\u00a0En la comparaci\u00f3n interanual esto habr\u00eda arrojado una ca\u00edda de 16,6 mil tn r\/c\/h (-8,1% anual). La absorci\u00f3n del mercado interno habr\u00eda representado 72,2% del total producido en enero de 2020 (-7,9 puntos porcentuales en relaci\u00f3n a enero de 2019), el valor m\u00e1s bajo de los \u00faltimos 25 eneros por lo menos.<\/p>\n<p class=\"selectionShareable\">\n<p class=\"selectionShareable\">En esta l\u00ednea, el consumo (aparente) per c\u00e1pita de carne vacuna habr\u00eda descendido a 50,4 kg\/a\u00f1o en enero de 2020, tomando el promedio m\u00f3vil de los \u00faltimos doce meses. En relaci\u00f3n al registro de enero de 2019 habr\u00eda resultado 9,7% inferior (-5,44 kg\/hab\/a\u00f1o).<\/p>\n<p class=\"selectionShareable\">Fuente: Campo Litoral<\/p>\n","protected":false},"excerpt":{"rendered":"<p>A pesar de que las ventas de carne vacuna durante 2019 fueron las m\u00e1s importantes de los \u00faltimos 30 a\u00f1os, dos factores, uno de origen local y otro externo complican las posibilidades de repetir el fen\u00f3meno en 2020<\/p>\n","protected":false},"author":5,"featured_media":0,"comment_status":"open","ping_status":"open","sticky":false,"template":"","format":"standard","meta":[],"categories":[14],"tags":[4312],"_links":{"self":[{"href":"http:\/\/rurallascolonias.com.ar\/index.php?rest_route=\/wp\/v2\/posts\/18475"}],"collection":[{"href":"http:\/\/rurallascolonias.com.ar\/index.php?rest_route=\/wp\/v2\/posts"}],"about":[{"href":"http:\/\/rurallascolonias.com.ar\/index.php?rest_route=\/wp\/v2\/types\/post"}],"author":[{"embeddable":true,"href":"http:\/\/rurallascolonias.com.ar\/index.php?rest_route=\/wp\/v2\/users\/5"}],"replies":[{"embeddable":true,"href":"http:\/\/rurallascolonias.com.ar\/index.php?rest_route=%2Fwp%2Fv2%2Fcomments&post=18475"}],"version-history":[{"count":1,"href":"http:\/\/rurallascolonias.com.ar\/index.php?rest_route=\/wp\/v2\/posts\/18475\/revisions"}],"predecessor-version":[{"id":18478,"href":"http:\/\/rurallascolonias.com.ar\/index.php?rest_route=\/wp\/v2\/posts\/18475\/revisions\/18478"}],"wp:attachment":[{"href":"http:\/\/rurallascolonias.com.ar\/index.php?rest_route=%2Fwp%2Fv2%2Fmedia&parent=18475"}],"wp:term":[{"taxonomy":"category","embeddable":true,"href":"http:\/\/rurallascolonias.com.ar\/index.php?rest_route=%2Fwp%2Fv2%2Fcategories&post=18475"},{"taxonomy":"post_tag","embeddable":true,"href":"http:\/\/rurallascolonias.com.ar\/index.php?rest_route=%2Fwp%2Fv2%2Ftags&post=18475"}],"curies":[{"name":"wp","href":"https:\/\/api.w.org\/{rel}","templated":true}]}}