{"id":18420,"date":"2020-01-24T19:27:01","date_gmt":"2020-01-24T19:27:01","guid":{"rendered":"http:\/\/rurallascolonias.com.ar\/?p=18420"},"modified":"2020-01-24T20:32:57","modified_gmt":"2020-01-24T20:32:57","slug":"vicentin-no-presento-un-plan-de-pago-pero-asegura-que-no-concursara-la-empresa","status":"publish","type":"post","link":"http:\/\/rurallascolonias.com.ar\/?p=18420","title":{"rendered":"VICENT\u00cdN NO PRESENT\u00d3 UN PLAN DE PAGO PERO ASEGURA QUE NO CONCURSAR\u00c1 LA EMPRESA"},"content":{"rendered":"<h2><em><a href=\"http:\/\/rurallascolonias.com.ar\/?attachment_id=18421\" rel=\"attachment wp-att-18421\"><img loading=\"lazy\" class=\"alignright size-full wp-image-18421\" src=\"http:\/\/rurallascolonias.com.ar\/wp-content\/uploads\/2020\/01\/grupo-vicent\u00edn.jpg\" alt=\"\" width=\"320\" height=\"158\" srcset=\"http:\/\/rurallascolonias.com.ar\/wp-content\/uploads\/2020\/01\/grupo-vicent\u00edn.jpg 320w, http:\/\/rurallascolonias.com.ar\/wp-content\/uploads\/2020\/01\/grupo-vicent\u00edn-300x148.jpg 300w\" sizes=\"(max-width: 320px) 100vw, 320px\" \/><\/a>Lo afirmaron dos directivos en una reuni\u00f3n con acreedores en Santa Fe. Sin cr\u00e9dito en los bancos, la compa\u00f1\u00eda busca un socio para refinanciar sus deudas pero podr\u00eda enfrentar nuevas demandas<\/em><\/h2>\n<p><!--more--><\/p>\n<p>A principios de diciembre, la empresa Vicent\u00edn anunci\u00f3 que estaba ahogada financieramente y entraba en cesaci\u00f3n de pagos, con un comunicado que sacudi\u00f3 profundamente a toda la agroindustria porque entre<strong>\u00a0los m\u00e1s de 1.000 acreedores de Vicent\u00edn est\u00e1 buena parte del entramado del agro,\u00a0<\/strong>ese que mueve la aguja de la econom\u00eda en el interior productivo.<\/p>\n<div class=\"teads-adCall\"><\/div>\n<div id=\"inread\" class=\"ad-slot\" data-adtype=\"inread\">\n<div id=\"inread_ad\" data-google-query-id=\"CMipip2JnecCFc8GuQYd0tsAZg\">\n<div id=\"google_ads_iframe_\/242767168\/clarin\/rural\/nota\/inread_0__container__\">Esta semana hab\u00eda mucha expectativa por la reuni\u00f3n que dos altos directivos de Vicent\u00edn iban a mantener con algunos de los acreedores en la ciudad de Santa Fe, en la sede de la Confederaci\u00f3n de Asociaciones Rurales de Santa Fe (Carsfe), la filial santafesina de CRA.<\/div>\n<div><\/div>\n<\/div>\n<\/div>\n<div><strong>La estrategia de Vicent\u00edn es buscar un socio importante<\/strong>\u00a0que le permita refinanciar parte de esa deuda. Solo a los productores, la firma les debe unos U$S 350 millones y est\u00e1 porci\u00f3n del pasivo es la minoritaria: casi el 80% del pasivo es con los bancos, sobre todo el Naci\u00f3n (m\u00e1s de 18.000 millones de pesos), pero en la cola tambi\u00e9n est\u00e1n el Banco Provincia de Buenos Aires, el Hipotecario, el Macro, el Nuevo Banco de Entre R\u00edos y el Nuevo Banco de Santa Fe, entre otros.<\/div>\n<div><\/div>\n<div>\n<p>Otra novedad importante de los \u00faltimos d\u00edas, es que la empresa firm\u00f3 un contrato con Molinos, Aceitera General Deheza (AGD), Bunge Argentina y LDC Commodities\u00a0<strong>para procesar unas 100.000 toneladas de girasol<\/strong>\u00a0en su planta de Ricardone, en el norte del Gran Rosario. Es una buena noticia porque esa terminal estaba pr\u00e1cticamente paralizada desde el comienzo de la crisis financiera del grupo a principios de diciembre.<\/p>\n<p>Vicent\u00edn, una empresa que comenz\u00f3 en la d\u00e9cada del 20 con un acopio en Avellaneda, siempre fue un jugador clave del mercado girasolero porque est\u00e1 radicada en una de las principales zonas productoras (el norte de Santa Fe y el sur de Chaco). Por eso, la crisis financiera de la empresa<strong>\u00a0golpe\u00f3 al mercado girasolero y baj\u00f3 las cotizaciones.<\/strong><\/p>\n<p>Mientras los productores y el mercado esperan un plan de pago bien concreto, la C\u00e1mara Arbitral de Cereales de la Bolsa rosarina abri\u00f3 una puerta la semana pasada\u00a0<strong>que podr\u00eda generar m\u00e1s denuncias contra la empresa.<\/strong><\/p>\n<p>La entidad ahora permite que las demandas se puedan presentar a pesar de que la operaci\u00f3n todav\u00eda no haya sido facturada y s\u00f3lo se requiere un recibo que certifique el env\u00edo de la mercader\u00eda.<\/p>\n<p>Esto sucede porque importantes corredores del mercado de granos le hab\u00edan entregado a Vicent\u00edn mucha mercader\u00eda que a\u00fan no hab\u00edan alcanzado a facturar.<\/p>\n<p>Fuente: Clar\u00edn<\/p>\n<\/div>\n<div><\/div>\n<div><\/div>\n<div class=\"sp__SM\"><\/div>\n","protected":false},"excerpt":{"rendered":"<p>Lo afirmaron dos directivos en una reuni\u00f3n con acreedores en Santa Fe. Sin cr\u00e9dito en los bancos, la compa\u00f1\u00eda busca un socio para refinanciar sus deudas pero podr\u00eda enfrentar nuevas demandas<\/p>\n","protected":false},"author":5,"featured_media":0,"comment_status":"open","ping_status":"open","sticky":false,"template":"","format":"standard","meta":[],"categories":[42,130],"tags":[4308,2988],"_links":{"self":[{"href":"http:\/\/rurallascolonias.com.ar\/index.php?rest_route=\/wp\/v2\/posts\/18420"}],"collection":[{"href":"http:\/\/rurallascolonias.com.ar\/index.php?rest_route=\/wp\/v2\/posts"}],"about":[{"href":"http:\/\/rurallascolonias.com.ar\/index.php?rest_route=\/wp\/v2\/types\/post"}],"author":[{"embeddable":true,"href":"http:\/\/rurallascolonias.com.ar\/index.php?rest_route=\/wp\/v2\/users\/5"}],"replies":[{"embeddable":true,"href":"http:\/\/rurallascolonias.com.ar\/index.php?rest_route=%2Fwp%2Fv2%2Fcomments&post=18420"}],"version-history":[{"count":1,"href":"http:\/\/rurallascolonias.com.ar\/index.php?rest_route=\/wp\/v2\/posts\/18420\/revisions"}],"predecessor-version":[{"id":18422,"href":"http:\/\/rurallascolonias.com.ar\/index.php?rest_route=\/wp\/v2\/posts\/18420\/revisions\/18422"}],"wp:attachment":[{"href":"http:\/\/rurallascolonias.com.ar\/index.php?rest_route=%2Fwp%2Fv2%2Fmedia&parent=18420"}],"wp:term":[{"taxonomy":"category","embeddable":true,"href":"http:\/\/rurallascolonias.com.ar\/index.php?rest_route=%2Fwp%2Fv2%2Fcategories&post=18420"},{"taxonomy":"post_tag","embeddable":true,"href":"http:\/\/rurallascolonias.com.ar\/index.php?rest_route=%2Fwp%2Fv2%2Ftags&post=18420"}],"curies":[{"name":"wp","href":"https:\/\/api.w.org\/{rel}","templated":true}]}}