{"id":18351,"date":"2020-01-08T17:13:25","date_gmt":"2020-01-08T17:13:25","guid":{"rendered":"http:\/\/rurallascolonias.com.ar\/?p=18351"},"modified":"2020-01-08T17:13:25","modified_gmt":"2020-01-08T17:13:25","slug":"mas-de-la-mitad-de-la-leche-que-se-vende-volvio-a-pagar-el-21-de-iva","status":"publish","type":"post","link":"http:\/\/rurallascolonias.com.ar\/?p=18351","title":{"rendered":"M\u00c1S DE LA MITAD DE LA LECHE QUE SE VENDE VOLVI\u00d3 A PAGAR EL 21% DE IVA"},"content":{"rendered":"<p><em><strong><a href=\"http:\/\/rurallascolonias.com.ar\/?attachment_id=18352\" rel=\"attachment wp-att-18352\"><img loading=\"lazy\" class=\"alignright size-full wp-image-18352\" src=\"http:\/\/rurallascolonias.com.ar\/wp-content\/uploads\/2020\/01\/g\u00f3ndola.png\" alt=\"\" width=\"750\" height=\"422\" srcset=\"http:\/\/rurallascolonias.com.ar\/wp-content\/uploads\/2020\/01\/g\u00f3ndola.png 750w, http:\/\/rurallascolonias.com.ar\/wp-content\/uploads\/2020\/01\/g\u00f3ndola-300x169.png 300w, http:\/\/rurallascolonias.com.ar\/wp-content\/uploads\/2020\/01\/g\u00f3ndola-600x338.png 600w, http:\/\/rurallascolonias.com.ar\/wp-content\/uploads\/2020\/01\/g\u00f3ndola-624x351.png 624w\" sizes=\"(max-width: 750px) 100vw, 750px\" \/><\/a>Son todos los l\u00e1cteos que se comercializan fuera de los s\u00faper, que acordaron un IVA de 0% por un mes<\/strong><\/em><!--more--><\/p>\n<p>Como consecuencia del final de la exenci\u00f3n en el IVA a los productos b\u00e1sicos, m\u00e1s de la mitad de las leches que se despachan se encarecieron en un 21% en el valor del venta al p\u00fablico desde el viernes pasado.<\/p>\n<p>Esto es porque los mayoristas, autoservicios, almacenes y kioscos deben volver a pagar el IVA a la leche, que es del 21%. Yesos comercios trasladaron el impuesto a los consumidores.<\/p>\n<p>En todos los comercios que despachan l\u00e1cteos y que no son supermercados, el sachet pas\u00f3 de venderse en una franja de entre $ 45 a $ 50 a cobrarse en un rango de entre $ 55 y 60.<\/p>\n<p>El 42,6% de leches, quesos y productos l\u00e1cteos se despachan en supermercados, seg\u00fan datos del INDEC. El resto se vende en los otros comercios, seg\u00fan la estad\u00edstica oficial.<\/p>\n<p>La excepci\u00f3n del IVA a los alimentos b\u00e1sicos dur\u00f3 hasta el 31 de diciembre. Desde el 1\u00b0 de enero, volvi\u00f3 a regir ese impuesto a los productos de primera necesidad. Las cadenas de supermercados acordaron una aplicaci\u00f3n menor al 21% que establece la ley, pero el resto de los comercios (mayoristas, autoservicios asi\u00e1ticos, almacenes) est\u00e1n traspasando el impuesto a los precios.<\/p>\n<p>Aunque en todos los productos de primera necesidad hay diferencias entre los precios del s\u00faper y los de otros canales, el caso de mayor brecha es el de la leche.<\/p>\n<p>La diferencia est\u00e1 dada porque los supermercados y las usinas acordaron con el ministerio de Desarrollo Productivo que no trasladar\u00edan nada del IVA a la leche. Por eso, se comunic\u00f3 que ese producto quedaba con un 0% de IVA.<\/p>\n<p>Como los s\u00faper no lo trasladaron y el resto de los canales s\u00ed lo hicieron, hay una diferencia de precio de 21% entre unos y otros.<\/p>\n<p>El convenio de IVA al 0% es un acuerdo entre los supermercados, los proveedores y el Gobierno nacional. El resto de los canales que comercializa productos no est\u00e1n comprendidos. All\u00ed, se volvi\u00f3 a tributar el 21% por la venta de productos b\u00e1sicos. La exenci\u00f3n fue una medida dispuesta por el ex presidente Mauricio Macri, tras su derrota en las elecciones primarias (PASO).<\/p>\n<p>El Gobierno acord\u00f3 con los supermercados que no traspasen el 21% del IVA. En yogures, az\u00facar, conservas, yerbas, harinas e infusiones, las cadenas prometieron que trasladar\u00edan el 7% a los precios. Y en aceites, entre 9% y 10,5%. Ese entendimiento es solo entre las cadenas y el Gobierno, con la anuencia de los proveedores. Los fabricantes de comestibles volvieron a la situaci\u00f3n anterior del IVA con el resto de los canales comerciales.<\/p>\n<p>En la leche es donde m\u00e1s se nota, porque los s\u00faper prometieron un 0% de IVA. El Gobierno aclar\u00f3 que la medida durar\u00e1 un mes. Luego, se negociar\u00e1 para volver a tratar el componente impositivo. En el Poder Ejecutivo menean la posibilidad de una ley que convierta el IVA a la leche en un 0% como algo permanente.<\/p>\n<p>El sachet de leche estaba entre $ 45 y $ 50 en la mayor\u00eda de los autoservicios y almacenes de Buenos Aires. Pero, tras el regreso del IVA, casi no baja de una franja de entre $ 55 y $ 60.<\/p>\n<p>El Gobierno devolver\u00eda el IVA para beneficiarios de la tarjeta alimentaria. Est\u00e1 en los detalles que trabaja el ministerio de Desarrollo Social. La medida ayudar\u00eda a abaratarla para segmentos vulnerables.<\/p>\n<p><span class=\"color-blue\">Por\u00a0<\/span><b>Mart\u00edn Bidegaray<\/b>\u00a0<span class=\"color-blue\">Fuente\u00a0<\/span><b><a href=\"https:\/\/www.clarin.com\/economia\/economia\/mitad-leche-vende-volvio-pagar-21-iva_0__UYFH1fz.html\" target=\"_blank\" rel=\"noopener noreferrer\">Clar\u00edn<\/a><\/b><\/p>\n","protected":false},"excerpt":{"rendered":"<p>Son todos los l\u00e1cteos que se comercializan fuera de los s\u00faper, que acordaron un IVA de 0% por un mes<\/p>\n","protected":false},"author":5,"featured_media":0,"comment_status":"open","ping_status":"open","sticky":false,"template":"","format":"standard","meta":[],"categories":[1],"tags":[],"_links":{"self":[{"href":"http:\/\/rurallascolonias.com.ar\/index.php?rest_route=\/wp\/v2\/posts\/18351"}],"collection":[{"href":"http:\/\/rurallascolonias.com.ar\/index.php?rest_route=\/wp\/v2\/posts"}],"about":[{"href":"http:\/\/rurallascolonias.com.ar\/index.php?rest_route=\/wp\/v2\/types\/post"}],"author":[{"embeddable":true,"href":"http:\/\/rurallascolonias.com.ar\/index.php?rest_route=\/wp\/v2\/users\/5"}],"replies":[{"embeddable":true,"href":"http:\/\/rurallascolonias.com.ar\/index.php?rest_route=%2Fwp%2Fv2%2Fcomments&post=18351"}],"version-history":[{"count":1,"href":"http:\/\/rurallascolonias.com.ar\/index.php?rest_route=\/wp\/v2\/posts\/18351\/revisions"}],"predecessor-version":[{"id":18353,"href":"http:\/\/rurallascolonias.com.ar\/index.php?rest_route=\/wp\/v2\/posts\/18351\/revisions\/18353"}],"wp:attachment":[{"href":"http:\/\/rurallascolonias.com.ar\/index.php?rest_route=%2Fwp%2Fv2%2Fmedia&parent=18351"}],"wp:term":[{"taxonomy":"category","embeddable":true,"href":"http:\/\/rurallascolonias.com.ar\/index.php?rest_route=%2Fwp%2Fv2%2Fcategories&post=18351"},{"taxonomy":"post_tag","embeddable":true,"href":"http:\/\/rurallascolonias.com.ar\/index.php?rest_route=%2Fwp%2Fv2%2Ftags&post=18351"}],"curies":[{"name":"wp","href":"https:\/\/api.w.org\/{rel}","templated":true}]}}