{"id":18334,"date":"2019-12-30T16:08:14","date_gmt":"2019-12-30T16:08:14","guid":{"rendered":"http:\/\/rurallascolonias.com.ar\/?p=18334"},"modified":"2019-12-30T17:12:34","modified_gmt":"2019-12-30T17:12:34","slug":"el-ministro-de-la-produccion-recibio-a-dirigentes-rurales","status":"publish","type":"post","link":"http:\/\/rurallascolonias.com.ar\/?p=18334","title":{"rendered":"EL MINISTRO DE LA PRODUCCI\u00d3N RECIBI\u00d3 A DIRIGENTES RURALES"},"content":{"rendered":"<h5><em><a href=\"http:\/\/rurallascolonias.com.ar\/?attachment_id=18335\" rel=\"attachment wp-att-18335\"><img loading=\"lazy\" class=\"alignright size-full wp-image-18335\" src=\"http:\/\/rurallascolonias.com.ar\/wp-content\/uploads\/2019\/12\/Costamagna-con-productores.jpg\" alt=\"\" width=\"1011\" height=\"576\" srcset=\"http:\/\/rurallascolonias.com.ar\/wp-content\/uploads\/2019\/12\/Costamagna-con-productores.jpg 1011w, http:\/\/rurallascolonias.com.ar\/wp-content\/uploads\/2019\/12\/Costamagna-con-productores-300x171.jpg 300w, http:\/\/rurallascolonias.com.ar\/wp-content\/uploads\/2019\/12\/Costamagna-con-productores-768x438.jpg 768w, http:\/\/rurallascolonias.com.ar\/wp-content\/uploads\/2019\/12\/Costamagna-con-productores-600x342.jpg 600w, http:\/\/rurallascolonias.com.ar\/wp-content\/uploads\/2019\/12\/Costamagna-con-productores-624x356.jpg 624w\" sizes=\"(max-width: 1011px) 100vw, 1011px\" \/><\/a>Junto a representantes de todo el territorio, el ministro de Producci\u00f3n, Ciencia y Tecnolog\u00eda analiz\u00f3 en detalle el panorama del sector agropecuario<\/em><\/h5>\n<p><!--more--><\/p>\n<p>El ministro de la Producci\u00f3n, Ciencia y Tecnolog\u00eda de la Provincia, Daniel Costamagna, mantuvo este jueves en Santa Fe un encuentro con referentes de la Confederaci\u00f3n de Asociaciones Rurales de Santa Fe (Carsfe) con el objetivo de realizar un an\u00e1lisis sobre el panorama actual por el que atraviesa el sector y delinear estrategias de trabajo conjunto.<\/p>\n<p>Tras el primer encuentro del ministro con la entidad, Costamagna detall\u00f3 los temas abordados en la reuni\u00f3n: \u00abEn este primer acercamiento ahondamos en cuestiones sanitarias, de infraestructura para la producci\u00f3n y de los bajos submeridionales, entre otras. Se realiz\u00f3 un repas\u00f3 de cada punto con el firme compromiso de comenzar a trabajar en forma conjunta. Lo importante es que decidimos que esto ser\u00e1 en el \u00e1mbito del di\u00e1logo y el consenso\u201d.<\/p>\n<p>Por su parte, el presidente de Carsfe, Carlos Castagnani, concluy\u00f3: \u201cSalimos muy reconfortados por la manera en que se trataron cada uno de los temas que hacen a la producci\u00f3n agropecuaria santafesinas. Nos llevamos el compromiso inmediato, tanto de nuestra entidad como del Gobierno Provincial, de trabajar juntos en aspectos neur\u00e1lgicos para la provincia. El ministro Costamagna proviene del sector agropecuario, hecho que lo convierte en un interlocutor que facilita much\u00edsimo el trabajo\u201d.<\/p>\n<p>De la reuni\u00f3n participaron tambi\u00e9n dirigentes de la entidad provenientes de distintos puntos del territorio provincial.<\/p>\n<p>Fuente: EDXD<\/p>\n","protected":false},"excerpt":{"rendered":"<p>Junto a representantes de todo el territorio, el ministro de Producci\u00f3n, Ciencia y Tecnolog\u00eda analiz\u00f3 en detalle el panorama del sector agropecuario<\/p>\n","protected":false},"author":5,"featured_media":0,"comment_status":"open","ping_status":"open","sticky":false,"template":"","format":"standard","meta":[],"categories":[33,1393],"tags":[4290,4296],"_links":{"self":[{"href":"http:\/\/rurallascolonias.com.ar\/index.php?rest_route=\/wp\/v2\/posts\/18334"}],"collection":[{"href":"http:\/\/rurallascolonias.com.ar\/index.php?rest_route=\/wp\/v2\/posts"}],"about":[{"href":"http:\/\/rurallascolonias.com.ar\/index.php?rest_route=\/wp\/v2\/types\/post"}],"author":[{"embeddable":true,"href":"http:\/\/rurallascolonias.com.ar\/index.php?rest_route=\/wp\/v2\/users\/5"}],"replies":[{"embeddable":true,"href":"http:\/\/rurallascolonias.com.ar\/index.php?rest_route=%2Fwp%2Fv2%2Fcomments&post=18334"}],"version-history":[{"count":1,"href":"http:\/\/rurallascolonias.com.ar\/index.php?rest_route=\/wp\/v2\/posts\/18334\/revisions"}],"predecessor-version":[{"id":18336,"href":"http:\/\/rurallascolonias.com.ar\/index.php?rest_route=\/wp\/v2\/posts\/18334\/revisions\/18336"}],"wp:attachment":[{"href":"http:\/\/rurallascolonias.com.ar\/index.php?rest_route=%2Fwp%2Fv2%2Fmedia&parent=18334"}],"wp:term":[{"taxonomy":"category","embeddable":true,"href":"http:\/\/rurallascolonias.com.ar\/index.php?rest_route=%2Fwp%2Fv2%2Fcategories&post=18334"},{"taxonomy":"post_tag","embeddable":true,"href":"http:\/\/rurallascolonias.com.ar\/index.php?rest_route=%2Fwp%2Fv2%2Ftags&post=18334"}],"curies":[{"name":"wp","href":"https:\/\/api.w.org\/{rel}","templated":true}]}}