{"id":18295,"date":"2019-12-18T20:00:07","date_gmt":"2019-12-18T20:00:07","guid":{"rendered":"http:\/\/rurallascolonias.com.ar\/?p=18295"},"modified":"2019-12-18T22:06:17","modified_gmt":"2019-12-18T22:06:17","slug":"el-paro-lechero-pendiente-de-una-reunion-en-el-ministerio-de-trabajo","status":"publish","type":"post","link":"http:\/\/rurallascolonias.com.ar\/?p=18295","title":{"rendered":"EL PARO LECHERO, PENDIENTE DE UNA REUNI\u00d3N EN EL MINISTERIO DE TRABAJO"},"content":{"rendered":"<p><strong><em><a href=\"http:\/\/rurallascolonias.com.ar\/?attachment_id=18296\" rel=\"attachment wp-att-18296\"><img loading=\"lazy\" class=\"alignright size-full wp-image-18296\" src=\"http:\/\/rurallascolonias.com.ar\/wp-content\/uploads\/2019\/12\/paro.jpg\" alt=\"\" width=\"1140\" height=\"640\" srcset=\"http:\/\/rurallascolonias.com.ar\/wp-content\/uploads\/2019\/12\/paro.jpg 1140w, http:\/\/rurallascolonias.com.ar\/wp-content\/uploads\/2019\/12\/paro-300x168.jpg 300w, http:\/\/rurallascolonias.com.ar\/wp-content\/uploads\/2019\/12\/paro-768x431.jpg 768w, http:\/\/rurallascolonias.com.ar\/wp-content\/uploads\/2019\/12\/paro-1024x575.jpg 1024w, http:\/\/rurallascolonias.com.ar\/wp-content\/uploads\/2019\/12\/paro-600x337.jpg 600w, http:\/\/rurallascolonias.com.ar\/wp-content\/uploads\/2019\/12\/paro-624x350.jpg 624w\" sizes=\"(max-width: 1140px) 100vw, 1140px\" \/><\/a> Atilra anunci\u00f3 ayer un paro de 48 horas y quite de colaboraci\u00f3n para s\u00e1bado y domingo, pero una reuni\u00f3n urgente convocada para las 14 de hoy abre una posibilidad de que la medida sea revisada<\/em><\/strong><!--more--><\/p>\n<p>En la tarde de ayer un\u00a0<a href=\"https:\/\/edairynews.com\/es\/atilra-convoca-a-un-paro-total-por-48-horas-126943\/\">comunicado del gremio<\/a>\u00a0lechero encendi\u00f3 las alarmas del sector, la convocatoria a un paro de 48 hs. para jueves y viernes, y el quite de colaboraci\u00f3n para s\u00e1bado y domingo elevaron la temperatura de la tarde del martes.<\/p>\n<p>La medida fue dispuesta luego de la primera reuni\u00f3n que mantuvieron las partes con el nuevo Ministro de Trabajo de la Naci\u00f3n, Claudio Moroni. Durante dicha reuni\u00f3n el funcionario dijo estar al tanto del conflicto, pero pidi\u00f3 que entendieran que reci\u00e9n asum\u00eda y lo hac\u00eda en medio de cambios importantes y urgentes, como tener que ir al Congreso a explicar el nuevo paquete de medidas que se debate por estas horas, por lo que les pidi\u00f3 a las partes involucradas en el conflicto un poco m\u00e1s de tiempo para interiorizarse en los detalles.<\/p>\n<p>Ambas partes entendieron la situaci\u00f3n planteada por el Ministro y quedan en retomar las negociaciones. Hasta aqu\u00ed las versiones son las mismas, tanto de fuentes gremiales como de industriales, luego las partes tienen versiones con matices.<\/p>\n<p>Un industrial nos informo que el Ministro propuso que se salde la diferencia salarial que el gremio pide, y a su vez pidi\u00f3 al gremio que deje de lado el planteo por el aporte extraordinario, para que de esa forma pueda alcanzarse un acuerdo.<\/p>\n<p>Los representantes gremiales, aseguran que no se habl\u00f3 de eso, s\u00ed de dar tiempo, pero que cuando llegan a la sede e informan lo sucedido en la reuni\u00f3n, se encuentran con un reclamo muy fuerte de los Delegados de continuar con las medidas aprobadas en las asambleas, por eso el anuncio de nuevas medidas.<\/p>\n<p>En la tarde, luego del lanzamiento del paro hubo un nuevo llamado desde el ministerio para que las partes se sienten ma\u00f1ana a las 14 a tratar de llegar a un acuerdo.<\/p>\n<p>Versiones extra oficiales indican que la industria llevar\u00eda una propuesta concreta de un incremento de un 15% para diciembre, otro 15% para enero y un bono de $ 5.000, pero ning\u00fan incremento para los aportes extraordinarios. Veremos c\u00f3mo cae esta nueva propuesta empresarial.<\/p>\n<p><span class=\"color-blue\">Por\u00a0<\/span><a href=\"https:\/\/edairynews.com\/es\/author\/damianmorais\/\" rel=\"author\"><b>Dami\u00e1n Morais<\/b><\/a><\/p>\n","protected":false},"excerpt":{"rendered":"<p>Atilra anunci\u00f3 ayer un paro de 48 horas y quite de colaboraci\u00f3n para s\u00e1bado y domingo, pero una reuni\u00f3n urgente convocada para las 14 de hoy abre una posibilidad de que la medida sea revisada<\/p>\n","protected":false},"author":5,"featured_media":0,"comment_status":"open","ping_status":"open","sticky":false,"template":"","format":"standard","meta":[],"categories":[42],"tags":[4291,4288,74],"_links":{"self":[{"href":"http:\/\/rurallascolonias.com.ar\/index.php?rest_route=\/wp\/v2\/posts\/18295"}],"collection":[{"href":"http:\/\/rurallascolonias.com.ar\/index.php?rest_route=\/wp\/v2\/posts"}],"about":[{"href":"http:\/\/rurallascolonias.com.ar\/index.php?rest_route=\/wp\/v2\/types\/post"}],"author":[{"embeddable":true,"href":"http:\/\/rurallascolonias.com.ar\/index.php?rest_route=\/wp\/v2\/users\/5"}],"replies":[{"embeddable":true,"href":"http:\/\/rurallascolonias.com.ar\/index.php?rest_route=%2Fwp%2Fv2%2Fcomments&post=18295"}],"version-history":[{"count":1,"href":"http:\/\/rurallascolonias.com.ar\/index.php?rest_route=\/wp\/v2\/posts\/18295\/revisions"}],"predecessor-version":[{"id":18298,"href":"http:\/\/rurallascolonias.com.ar\/index.php?rest_route=\/wp\/v2\/posts\/18295\/revisions\/18298"}],"wp:attachment":[{"href":"http:\/\/rurallascolonias.com.ar\/index.php?rest_route=%2Fwp%2Fv2%2Fmedia&parent=18295"}],"wp:term":[{"taxonomy":"category","embeddable":true,"href":"http:\/\/rurallascolonias.com.ar\/index.php?rest_route=%2Fwp%2Fv2%2Fcategories&post=18295"},{"taxonomy":"post_tag","embeddable":true,"href":"http:\/\/rurallascolonias.com.ar\/index.php?rest_route=%2Fwp%2Fv2%2Ftags&post=18295"}],"curies":[{"name":"wp","href":"https:\/\/api.w.org\/{rel}","templated":true}]}}