{"id":18287,"date":"2019-12-18T21:58:07","date_gmt":"2019-12-18T21:58:07","guid":{"rendered":"http:\/\/rurallascolonias.com.ar\/?p=18287"},"modified":"2019-12-18T21:58:07","modified_gmt":"2019-12-18T21:58:07","slug":"sociedad-rural-presente-en-la-reunion-con-costamagna","status":"publish","type":"post","link":"http:\/\/rurallascolonias.com.ar\/?p=18287","title":{"rendered":"SOCIEDAD RURAL PRESENTE EN LA REUNI\u00d3N CON COSTAMAGNA"},"content":{"rendered":"<p><em><strong><a href=\"http:\/\/rurallascolonias.com.ar\/?attachment_id=18290\" rel=\"attachment wp-att-18290\"><img loading=\"lazy\" class=\"alignright size-full wp-image-18290\" src=\"http:\/\/rurallascolonias.com.ar\/wp-content\/uploads\/2019\/12\/IMG-20191217-WA0013.jpg\" alt=\"\" width=\"720\" height=\"485\" srcset=\"http:\/\/rurallascolonias.com.ar\/wp-content\/uploads\/2019\/12\/IMG-20191217-WA0013.jpg 720w, http:\/\/rurallascolonias.com.ar\/wp-content\/uploads\/2019\/12\/IMG-20191217-WA0013-300x202.jpg 300w, http:\/\/rurallascolonias.com.ar\/wp-content\/uploads\/2019\/12\/IMG-20191217-WA0013-600x404.jpg 600w, http:\/\/rurallascolonias.com.ar\/wp-content\/uploads\/2019\/12\/IMG-20191217-WA0013-624x420.jpg 624w\" sizes=\"(max-width: 720px) 100vw, 720px\" \/><\/a>D\u00edas atr\u00e1s, la intendente Ana Mar\u00eda Meiners, recibi\u00f3 al nuevo Ministro de la Producci\u00f3n, Ciencia y Tecnolog\u00eda de la provincia, Daniel Costamagna. Por la Sociedad Rural de Las Colonias asisti\u00f3 su Presidente Diego Alonso acompa\u00f1ado por Jos\u00e9 Luis Alonso. Adem\u00e1s, particip\u00f3 del encuentro el presidente de del Comit\u00e9 de Cuenca, Abel Rossi<\/strong><\/em><!--more--><\/p>\n<p>Lo que se le plante\u00f3 al Ministro, entre otros temas de inter\u00e9s, fue la necesidad de una pol\u00edtica orientada a lograr que el campo sea un lugar habitable, re establecer los servicios e infraestructura m\u00ednimos para que poder producir, vivir y trabajar. Para ello, hay que planear y ejecutar caminos, desag\u00fces, red el\u00e9ctrica y conectividad.\u00a0 Adem\u00e1s, y no un tema menor, se necesita seguridad. Esos fueron los reclamos por parte de la entidad rural.<\/p>\n<p><a href=\"http:\/\/rurallascolonias.com.ar\/?attachment_id=18291\" rel=\"attachment wp-att-18291\"><img loading=\"lazy\" class=\"alignright size-full wp-image-18291\" src=\"http:\/\/rurallascolonias.com.ar\/wp-content\/uploads\/2019\/12\/IMG-20191217-WA0012.jpg\" alt=\"\" width=\"720\" height=\"489\" srcset=\"http:\/\/rurallascolonias.com.ar\/wp-content\/uploads\/2019\/12\/IMG-20191217-WA0012.jpg 720w, http:\/\/rurallascolonias.com.ar\/wp-content\/uploads\/2019\/12\/IMG-20191217-WA0012-300x204.jpg 300w, http:\/\/rurallascolonias.com.ar\/wp-content\/uploads\/2019\/12\/IMG-20191217-WA0012-600x408.jpg 600w, http:\/\/rurallascolonias.com.ar\/wp-content\/uploads\/2019\/12\/IMG-20191217-WA0012-624x424.jpg 624w\" sizes=\"(max-width: 720px) 100vw, 720px\" \/><\/a>En la reuni\u00f3n surgi\u00f3 el tema de la inexistencia de un\u00a0 Plan Provincial de manejo de cuencas y la falta de coordinaci\u00f3n con los Comit\u00e9s de Cuencas. Tampoco hay una articulaci\u00f3n con Municipios y Comunas para el manejo de los excedentes h\u00eddricos.<\/p>\n<p>Fue un encuentro positivo en donde todas las partes se comprometieron a trabajar mancomunadamente.<\/p>\n<p>Sociedad Rural de Las Colonias<\/p>\n","protected":false},"excerpt":{"rendered":"<p>D\u00edas atr\u00e1s, la intendente Ana Mar\u00eda Meiners, recibi\u00f3 al nuevo Ministro de la Producci\u00f3n, Ciencia y Tecnolog\u00eda de la provincia, Daniel Costamagna. Por la Sociedad Rural de Las Colonias asisti\u00f3 su Presidente Diego Alonso acompa\u00f1ado por Jos\u00e9 Luis Alonso. Adem\u00e1s, particip\u00f3 del encuentro el presidente de del Comit\u00e9 de Cuenca, Abel Rossi<\/p>\n","protected":false},"author":5,"featured_media":0,"comment_status":"open","ping_status":"open","sticky":false,"template":"","format":"standard","meta":[],"categories":[42],"tags":[4290],"_links":{"self":[{"href":"http:\/\/rurallascolonias.com.ar\/index.php?rest_route=\/wp\/v2\/posts\/18287"}],"collection":[{"href":"http:\/\/rurallascolonias.com.ar\/index.php?rest_route=\/wp\/v2\/posts"}],"about":[{"href":"http:\/\/rurallascolonias.com.ar\/index.php?rest_route=\/wp\/v2\/types\/post"}],"author":[{"embeddable":true,"href":"http:\/\/rurallascolonias.com.ar\/index.php?rest_route=\/wp\/v2\/users\/5"}],"replies":[{"embeddable":true,"href":"http:\/\/rurallascolonias.com.ar\/index.php?rest_route=%2Fwp%2Fv2%2Fcomments&post=18287"}],"version-history":[{"count":4,"href":"http:\/\/rurallascolonias.com.ar\/index.php?rest_route=\/wp\/v2\/posts\/18287\/revisions"}],"predecessor-version":[{"id":18294,"href":"http:\/\/rurallascolonias.com.ar\/index.php?rest_route=\/wp\/v2\/posts\/18287\/revisions\/18294"}],"wp:attachment":[{"href":"http:\/\/rurallascolonias.com.ar\/index.php?rest_route=%2Fwp%2Fv2%2Fmedia&parent=18287"}],"wp:term":[{"taxonomy":"category","embeddable":true,"href":"http:\/\/rurallascolonias.com.ar\/index.php?rest_route=%2Fwp%2Fv2%2Fcategories&post=18287"},{"taxonomy":"post_tag","embeddable":true,"href":"http:\/\/rurallascolonias.com.ar\/index.php?rest_route=%2Fwp%2Fv2%2Ftags&post=18287"}],"curies":[{"name":"wp","href":"https:\/\/api.w.org\/{rel}","templated":true}]}}