{"id":18278,"date":"2019-12-16T21:55:16","date_gmt":"2019-12-16T21:55:16","guid":{"rendered":"http:\/\/rurallascolonias.com.ar\/?p=18278"},"modified":"2019-12-16T21:55:16","modified_gmt":"2019-12-16T21:55:16","slug":"la-lecheria-espera-a-la-politica","status":"publish","type":"post","link":"http:\/\/rurallascolonias.com.ar\/?p=18278","title":{"rendered":"LA LECHER\u00cdA ESPERA A LA POL\u00cdTICA"},"content":{"rendered":"<p><em><strong><a href=\"http:\/\/rurallascolonias.com.ar\/?attachment_id=18279\" rel=\"attachment wp-att-18279\"><img loading=\"lazy\" class=\"alignright size-full wp-image-18279\" src=\"http:\/\/rurallascolonias.com.ar\/wp-content\/uploads\/2019\/12\/vaca-pensante.jpeg\" alt=\"\" width=\"717\" height=\"432\" srcset=\"http:\/\/rurallascolonias.com.ar\/wp-content\/uploads\/2019\/12\/vaca-pensante.jpeg 717w, http:\/\/rurallascolonias.com.ar\/wp-content\/uploads\/2019\/12\/vaca-pensante-300x181.jpeg 300w, http:\/\/rurallascolonias.com.ar\/wp-content\/uploads\/2019\/12\/vaca-pensante-600x362.jpeg 600w, http:\/\/rurallascolonias.com.ar\/wp-content\/uploads\/2019\/12\/vaca-pensante-624x376.jpeg 624w\" sizes=\"(max-width: 717px) 100vw, 717px\" \/><\/a>Retenciones, precios en g\u00f3ndolas, tarjeta alimentaria, qui\u00e9n estar\u00e1 la frente del sector en Agricultura. S\u00ed, todo esto, pero en especial esperan que las nuevas autoridades medien en el conflicto gremial<\/strong><\/em><!--more--><\/p>\n<p>En el sector lechero todos miran a la pol\u00edtica, es que hay muchos, demasiados, temas pendientes que seguramente esta semana se resolver\u00e1n, pero el m\u00e1s urgente es sin dudas el conflicto gremial.<\/p>\n<p>En las \u00faltimas horas pareciera que alguna mano estuvo interviniendo, porque los \u00e1nimos se han calmado, el nuevo paro que se esperaba fuera para este lunes por el momento no ha sido anunciado y eso trajo algo de calma, en especial para el frente industrial, que pareciera estar menos s\u00f3lido que hace 10 d\u00edas.<\/p>\n<p>Un empresario nos dijo de primera mano qu\u00e9 estaban esperando: \u201chay que esperar que asuman las nuevas autoridades del Ministerio de Trabajo, si bien ya est\u00e1n nombradas, todav\u00eda no est\u00e1n en plenas funciones. Sabemos que no se puede dictar ninguna conciliaci\u00f3n obligatoria, porque ya se super\u00f3 ese plazo, pero una conciliaci\u00f3n \u201cvoluntaria\u201d es posible, si ellos lo proponen.\u201d<\/p>\n<p>Esa conciliaci\u00f3n voluntaria implicar\u00eda sentar a las partes una vez m\u00e1s y tratar de que el nuevo gobierno medie y consiga destrabar un conflicto que viene en escalada.<\/p>\n<p>Y como si esto no fuese suficiente, en la agenda aparecen las retenciones, que ser\u00edan de un 9% a la leche en polvo. Y tambi\u00e9n se mete en la agenda el plan \u201cAlimentar, que incluir\u00eda l\u00e1cteos a comprar con una tarjeta creada para tal fin. Est\u00e1 pendiente saber qu\u00e9 pasar\u00e1 con el IVA a partir del 6 de enero, y si habr\u00e1 un pedido del gobierno para que se frene la suba en g\u00f3ndola.<\/p>\n<p>Y para cerrar, falta el nombre de quien dirigir\u00e1 la Subsecretar\u00eda o Direcci\u00f3n de Lecher\u00eda, algo que seguramente ser\u00e1 anunciado en las pr\u00f3ximas horas.<\/p>\n<p><span class=\"color-blue\">Por\u00a0<\/span><a href=\"https:\/\/edairynews.com\/es\/author\/damianmorais\/\" rel=\"author\"><b>Dami\u00e1n Morais<\/b><\/a><\/p>\n","protected":false},"excerpt":{"rendered":"<p>Retenciones, precios en g\u00f3ndolas, tarjeta alimentaria, qui\u00e9n estar\u00e1 la frente del sector en Agricultura. S\u00ed, todo esto, pero en especial esperan que las nuevas autoridades medien en el conflicto gremial<\/p>\n","protected":false},"author":5,"featured_media":0,"comment_status":"open","ping_status":"open","sticky":false,"template":"","format":"standard","meta":[],"categories":[46,33],"tags":[12,768],"_links":{"self":[{"href":"http:\/\/rurallascolonias.com.ar\/index.php?rest_route=\/wp\/v2\/posts\/18278"}],"collection":[{"href":"http:\/\/rurallascolonias.com.ar\/index.php?rest_route=\/wp\/v2\/posts"}],"about":[{"href":"http:\/\/rurallascolonias.com.ar\/index.php?rest_route=\/wp\/v2\/types\/post"}],"author":[{"embeddable":true,"href":"http:\/\/rurallascolonias.com.ar\/index.php?rest_route=\/wp\/v2\/users\/5"}],"replies":[{"embeddable":true,"href":"http:\/\/rurallascolonias.com.ar\/index.php?rest_route=%2Fwp%2Fv2%2Fcomments&post=18278"}],"version-history":[{"count":1,"href":"http:\/\/rurallascolonias.com.ar\/index.php?rest_route=\/wp\/v2\/posts\/18278\/revisions"}],"predecessor-version":[{"id":18280,"href":"http:\/\/rurallascolonias.com.ar\/index.php?rest_route=\/wp\/v2\/posts\/18278\/revisions\/18280"}],"wp:attachment":[{"href":"http:\/\/rurallascolonias.com.ar\/index.php?rest_route=%2Fwp%2Fv2%2Fmedia&parent=18278"}],"wp:term":[{"taxonomy":"category","embeddable":true,"href":"http:\/\/rurallascolonias.com.ar\/index.php?rest_route=%2Fwp%2Fv2%2Fcategories&post=18278"},{"taxonomy":"post_tag","embeddable":true,"href":"http:\/\/rurallascolonias.com.ar\/index.php?rest_route=%2Fwp%2Fv2%2Ftags&post=18278"}],"curies":[{"name":"wp","href":"https:\/\/api.w.org\/{rel}","templated":true}]}}