{"id":18235,"date":"2019-12-09T10:18:43","date_gmt":"2019-12-09T10:18:43","guid":{"rendered":"http:\/\/rurallascolonias.com.ar\/?p=18235"},"modified":"2019-12-09T17:19:01","modified_gmt":"2019-12-09T17:19:01","slug":"vuelve-la-normalidad-a-las-plantas-lacteas-por-ahora","status":"publish","type":"post","link":"http:\/\/rurallascolonias.com.ar\/?p=18235","title":{"rendered":"VUELVE LA NORMALIDAD A LAS PLANTAS L\u00c1CTEAS\u2026 POR AHORA"},"content":{"rendered":"<p><strong><em><a href=\"http:\/\/rurallascolonias.com.ar\/?attachment_id=18236\" rel=\"attachment wp-att-18236\"><img loading=\"lazy\" class=\"alignright size-full wp-image-18236\" src=\"http:\/\/rurallascolonias.com.ar\/wp-content\/uploads\/2019\/12\/paro-atilra.jpg\" alt=\"\" width=\"1000\" height=\"666\" srcset=\"http:\/\/rurallascolonias.com.ar\/wp-content\/uploads\/2019\/12\/paro-atilra.jpg 1000w, http:\/\/rurallascolonias.com.ar\/wp-content\/uploads\/2019\/12\/paro-atilra-300x200.jpg 300w, http:\/\/rurallascolonias.com.ar\/wp-content\/uploads\/2019\/12\/paro-atilra-768x511.jpg 768w, http:\/\/rurallascolonias.com.ar\/wp-content\/uploads\/2019\/12\/paro-atilra-600x400.jpg 600w, http:\/\/rurallascolonias.com.ar\/wp-content\/uploads\/2019\/12\/paro-atilra-624x416.jpg 624w\" sizes=\"(max-width: 1000px) 100vw, 1000px\" \/><\/a>En la madrugada de hoy volvieron los camiones a ingresar leche, luego de un domingo donde varias empresas decidieron no retirar el producto en los campos ante la falta de personal<\/em><\/strong><!--more--><\/p>\n<p>Termin\u00f3 la medida de fuerza lanzada la semana pasada por Atilra y por el momento regresa la normalidad a las plantas l\u00e1cteas, pero nadie asegura que el conflicto no vuelva a recrudecerse esta semana si no se avanza en las negociaciones.<\/p>\n<p>&nbsp;<\/p>\n<p>Luego de un viernes de total acatamiento a la medida de fuerza, y ante la espera de camiones en las puertas de las plantas, desde el gremio se permiti\u00f3 la descarga de la leche, lo que evit\u00f3 el derrame.<\/p>\n<p>&nbsp;<\/p>\n<p>El s\u00e1bado se trabaj\u00f3 a reglamento y en cierta normalidad, pero ayer la recepci\u00f3n estuvo complicada, en especial en algunas grandes empresas, que postergaron la recogida hasta la madrugada de hoy.<\/p>\n<p>&nbsp;<\/p>\n<p>La pregunta que se est\u00e1 haciendo el sector es qu\u00e9 va a pasar esta semana.<\/p>\n<p>&nbsp;<\/p>\n<p>Ya en el comunicado enviado el viernes a la ma\u00f1ana, en el mismo momento que Atilra anunciaba que iba a permitir descargar la leche, \u201cs\u00f3lo por personal de direcci\u00f3n de las empresas a efectos de que se preserve la materia prima\u201d, advert\u00eda que tal situaci\u00f3n \u201cinevitablemente ocurrir\u00e1 si el conflicto se extiende\u201d, por lo que anticip\u00f3: \u201cDe ser as\u00ed deslindaremos toda responsabilidad habida cuenta de que hemos hecho lo humanamente posible para que la cuesti\u00f3n salarial se supere\u201d.<\/p>\n<p>&nbsp;<\/p>\n<p>Esta advertencia hace pensar que durante la semana puede haber m\u00e1s medidas de fuerza, incluso hay quienes hablan de un paro por tiempo indeterminado. Habr\u00e1 que esperar si se abre una instancia de di\u00e1logo, o se mantienen las posturas actuales, que hacen que el conflicto parezca inevitable.<\/p>\n<p><span class=\"color-blue\">Por\u00a0<\/span><a href=\"https:\/\/edairynews.com\/es\/author\/damianmorais\/\" rel=\"author\"><b>Dami\u00e1n Morais<\/b><\/a><\/p>\n","protected":false},"excerpt":{"rendered":"<p>En la madrugada de hoy volvieron los camiones a ingresar leche, luego de un domingo donde varias empresas decidieron no retirar el producto en los campos ante la falta de personal<\/p>\n","protected":false},"author":5,"featured_media":0,"comment_status":"open","ping_status":"open","sticky":false,"template":"","format":"standard","meta":[],"categories":[46],"tags":[47,4284],"_links":{"self":[{"href":"http:\/\/rurallascolonias.com.ar\/index.php?rest_route=\/wp\/v2\/posts\/18235"}],"collection":[{"href":"http:\/\/rurallascolonias.com.ar\/index.php?rest_route=\/wp\/v2\/posts"}],"about":[{"href":"http:\/\/rurallascolonias.com.ar\/index.php?rest_route=\/wp\/v2\/types\/post"}],"author":[{"embeddable":true,"href":"http:\/\/rurallascolonias.com.ar\/index.php?rest_route=\/wp\/v2\/users\/5"}],"replies":[{"embeddable":true,"href":"http:\/\/rurallascolonias.com.ar\/index.php?rest_route=%2Fwp%2Fv2%2Fcomments&post=18235"}],"version-history":[{"count":1,"href":"http:\/\/rurallascolonias.com.ar\/index.php?rest_route=\/wp\/v2\/posts\/18235\/revisions"}],"predecessor-version":[{"id":18237,"href":"http:\/\/rurallascolonias.com.ar\/index.php?rest_route=\/wp\/v2\/posts\/18235\/revisions\/18237"}],"wp:attachment":[{"href":"http:\/\/rurallascolonias.com.ar\/index.php?rest_route=%2Fwp%2Fv2%2Fmedia&parent=18235"}],"wp:term":[{"taxonomy":"category","embeddable":true,"href":"http:\/\/rurallascolonias.com.ar\/index.php?rest_route=%2Fwp%2Fv2%2Fcategories&post=18235"},{"taxonomy":"post_tag","embeddable":true,"href":"http:\/\/rurallascolonias.com.ar\/index.php?rest_route=%2Fwp%2Fv2%2Ftags&post=18235"}],"curies":[{"name":"wp","href":"https:\/\/api.w.org\/{rel}","templated":true}]}}