{"id":18231,"date":"2019-12-09T17:45:08","date_gmt":"2019-12-09T17:45:08","guid":{"rendered":"http:\/\/rurallascolonias.com.ar\/?p=18231"},"modified":"2019-12-09T17:45:08","modified_gmt":"2019-12-09T17:45:08","slug":"ateneo-realizo-su-asamblea-anual-en-el-marco-de-su-decimo-aniversario","status":"publish","type":"post","link":"http:\/\/rurallascolonias.com.ar\/?p=18231","title":{"rendered":"ATENEO REALIZ\u00d3 SU ASAMBLEA ANUAL EN EL MARCO DE SU D\u00c9CIMO ANIVERSARIO"},"content":{"rendered":"<p><strong><em> <a href=\"http:\/\/rurallascolonias.com.ar\/?attachment_id=18242\" rel=\"attachment wp-att-18242\"><img loading=\"lazy\" class=\"alignright size-full wp-image-18242\" src=\"http:\/\/rurallascolonias.com.ar\/wp-content\/uploads\/2019\/12\/20191206_204643.jpg\" alt=\"\" width=\"4128\" height=\"2322\" srcset=\"http:\/\/rurallascolonias.com.ar\/wp-content\/uploads\/2019\/12\/20191206_204643.jpg 4128w, http:\/\/rurallascolonias.com.ar\/wp-content\/uploads\/2019\/12\/20191206_204643-300x169.jpg 300w, http:\/\/rurallascolonias.com.ar\/wp-content\/uploads\/2019\/12\/20191206_204643-768x432.jpg 768w, http:\/\/rurallascolonias.com.ar\/wp-content\/uploads\/2019\/12\/20191206_204643-1024x576.jpg 1024w, http:\/\/rurallascolonias.com.ar\/wp-content\/uploads\/2019\/12\/20191206_204643-600x338.jpg 600w, http:\/\/rurallascolonias.com.ar\/wp-content\/uploads\/2019\/12\/20191206_204643-624x351.jpg 624w\" sizes=\"(max-width: 4128px) 100vw, 4128px\" \/><\/a>Fue el pasado viernes 6 en las instalaciones de la Sede Social y cont\u00f3 con la presencia de miembros de la Comisi\u00f3n\u00a0Directiva, ex Presidentes del Ateneo, integrantes del INTA y p\u00fablico en general. (Todas las fotos en Galer\u00eda de fotos)<\/em><\/strong><!--more--><\/p>\n<p>Tras la lectura del Acta\u00a0 de Asamblea y consideraci\u00f3n de la Memoria y Balance correspondientes al per\u00edodo diciembre 2018-diciembre 2019, se procedi\u00f3 a la Renovaci\u00f3n total de la Comisi\u00f3n quedando conformada de la siguiente manera:<\/p>\n<p>Presidente: Luciano Coretti<\/p>\n<p>Vice Presidente: Jonatan Carballo<\/p>\n<p>Secretario: Xavier Varisco<\/p>\n<p>Pro Secretario: Alfonsina Lopez<\/p>\n<p>Tesorero: Franco Berral<\/p>\n<p>Pro tesorero: Soraya Ghibaudo<\/p>\n<p>Vocales titulares: Walter Sturtz<\/p>\n<p>Melina Albarrac\u00edn<\/p>\n<p>Vocal Suplente: Antonella Migliarini<\/p>\n<p>Al finalizar la Asamblea, se realiz\u00f3 un Agasajo en conmemoraci\u00f3n del 10\u00aa Aniversario del Ateneo Juvenil y como agradecimiento a todas las Instituciones y personas que siempre acompa\u00f1an a este grupo.<\/p>\n<p><a href=\"http:\/\/rurallascolonias.com.ar\/?attachment_id=18241\" rel=\"attachment wp-att-18241\"><img loading=\"lazy\" class=\"alignright size-full wp-image-18241\" src=\"http:\/\/rurallascolonias.com.ar\/wp-content\/uploads\/2019\/12\/20191206_225502.jpg\" alt=\"\" width=\"4128\" height=\"2322\" srcset=\"http:\/\/rurallascolonias.com.ar\/wp-content\/uploads\/2019\/12\/20191206_225502.jpg 4128w, http:\/\/rurallascolonias.com.ar\/wp-content\/uploads\/2019\/12\/20191206_225502-300x169.jpg 300w, http:\/\/rurallascolonias.com.ar\/wp-content\/uploads\/2019\/12\/20191206_225502-768x432.jpg 768w, http:\/\/rurallascolonias.com.ar\/wp-content\/uploads\/2019\/12\/20191206_225502-1024x576.jpg 1024w, http:\/\/rurallascolonias.com.ar\/wp-content\/uploads\/2019\/12\/20191206_225502-600x338.jpg 600w, http:\/\/rurallascolonias.com.ar\/wp-content\/uploads\/2019\/12\/20191206_225502-624x351.jpg 624w\" sizes=\"(max-width: 4128px) 100vw, 4128px\" \/><\/a><\/p>\n","protected":false},"excerpt":{"rendered":"<p>Fue el pasado viernes 6 en las instalaciones de la Sede Social y cont\u00f3 con la presencia de miembros de la Comisi\u00f3n\u00a0Directiva, ex Presidentes del Ateneo, integrantes del INTA y p\u00fablico en general. (Todas las fotos en Galer\u00eda de fotos)<\/p>\n","protected":false},"author":5,"featured_media":0,"comment_status":"open","ping_status":"open","sticky":false,"template":"","format":"standard","meta":[],"categories":[2306],"tags":[1154,1018],"_links":{"self":[{"href":"http:\/\/rurallascolonias.com.ar\/index.php?rest_route=\/wp\/v2\/posts\/18231"}],"collection":[{"href":"http:\/\/rurallascolonias.com.ar\/index.php?rest_route=\/wp\/v2\/posts"}],"about":[{"href":"http:\/\/rurallascolonias.com.ar\/index.php?rest_route=\/wp\/v2\/types\/post"}],"author":[{"embeddable":true,"href":"http:\/\/rurallascolonias.com.ar\/index.php?rest_route=\/wp\/v2\/users\/5"}],"replies":[{"embeddable":true,"href":"http:\/\/rurallascolonias.com.ar\/index.php?rest_route=%2Fwp%2Fv2%2Fcomments&post=18231"}],"version-history":[{"count":2,"href":"http:\/\/rurallascolonias.com.ar\/index.php?rest_route=\/wp\/v2\/posts\/18231\/revisions"}],"predecessor-version":[{"id":18243,"href":"http:\/\/rurallascolonias.com.ar\/index.php?rest_route=\/wp\/v2\/posts\/18231\/revisions\/18243"}],"wp:attachment":[{"href":"http:\/\/rurallascolonias.com.ar\/index.php?rest_route=%2Fwp%2Fv2%2Fmedia&parent=18231"}],"wp:term":[{"taxonomy":"category","embeddable":true,"href":"http:\/\/rurallascolonias.com.ar\/index.php?rest_route=%2Fwp%2Fv2%2Fcategories&post=18231"},{"taxonomy":"post_tag","embeddable":true,"href":"http:\/\/rurallascolonias.com.ar\/index.php?rest_route=%2Fwp%2Fv2%2Ftags&post=18231"}],"curies":[{"name":"wp","href":"https:\/\/api.w.org\/{rel}","templated":true}]}}