{"id":18228,"date":"2019-12-05T16:47:11","date_gmt":"2019-12-05T16:47:11","guid":{"rendered":"http:\/\/rurallascolonias.com.ar\/?p=18228"},"modified":"2019-12-05T16:47:11","modified_gmt":"2019-12-05T16:47:11","slug":"luis-basterra-sera-el-nuevo-ministro-de-agricultura-de-alberto-fernandez","status":"publish","type":"post","link":"http:\/\/rurallascolonias.com.ar\/?p=18228","title":{"rendered":"LUIS BASTERRA SER\u00c1 EL NUEVO MINISTRO DE AGRICULTURA DE ALBERTO FERNANDEZ"},"content":{"rendered":"<p><em><strong><a href=\"http:\/\/rurallascolonias.com.ar\/?attachment_id=18229\" rel=\"attachment wp-att-18229\"><img loading=\"lazy\" class=\"alignright size-full wp-image-18229\" src=\"http:\/\/rurallascolonias.com.ar\/wp-content\/uploads\/2019\/12\/BASTERRA.jpg\" alt=\"\" width=\"312\" height=\"162\" srcset=\"http:\/\/rurallascolonias.com.ar\/wp-content\/uploads\/2019\/12\/BASTERRA.jpg 312w, http:\/\/rurallascolonias.com.ar\/wp-content\/uploads\/2019\/12\/BASTERRA-300x156.jpg 300w\" sizes=\"(max-width: 312px) 100vw, 312px\" \/><\/a>As\u00ed de clarito parece haber sido Santiago Cafiero, el flamante Jefe de Gabinete de Alberto Fern\u00e1ndez, quien inform\u00f3 a sus colaboradores que el diputado del Frente de Todos, Luis Basterra, ser\u00e1 el nuevo Ministro de Agricultura<\/strong><\/em><!--more--><\/p>\n<p>De este modo, Basterra desplaz\u00f3 de la lista a Gabriel Delgado, quien, al momento, era el que m\u00e1s sonaba como posible candidato a ocupar la cartera de Agricultura.<\/p>\n<p>Basterra, que es diputado desde 2011 y que ten\u00eda un segundo mandato hasta diciembre de 2019, cuenta con una relaci\u00f3n m\u00e1s cercana con el kirchnerismo m\u00e1s duro, a diferencia de Delgado, quien, a pesar de que sonaba para ocupar el cargo, ni siquiera lleg\u00f3 a conocer a Alberto Fern\u00e1ndez.<\/p>\n<p>Delgado hab\u00eda sido secretario de Agricultura durante el gobierno de Cristina Fern\u00e1ndez, desde el 2013 al 2015, y actualmente se desempe\u00f1a como economista del Instituto Nacional de Tecnolog\u00eda Agropecuaria (INTA).<\/p>\n<p>Basterra naci\u00f3 en Resistencia, Chaco, es ingeniero agr\u00f3nomo recibido de la Universidad Nacional del Nordeste, entre 2003 y 2009 ocup\u00f3 el cargo de ministro de la Producci\u00f3n y Ambiente de Formosa y del 2009 al 2011 ocup\u00f3 el cargo de vicepresidente del INTA. Cuando fue diputado presidi\u00f3 la Comisi\u00f3n de Agricultura en esa c\u00e1mara y\u00a0<a href=\"https:\/\/bichosdecampo.com\/no-son-ocho-los-monos-en-el-nuevo-congreso-llegan-a-22-los-legisladores-con-intereses-en-el-sector-agropecuario\/\">recientementre hab\u00eda renovado un tercer mandato legislativo<\/a>\u00a0por Formosa.<\/p>\n<p>Hace poco, Basterra hab\u00eda vuelto a presentar en Diputados el proyecto de ley de\u00a0\u201cConservaci\u00f3n y mejoramiento de la fertilidad de los suelos de uso agropecuario a trav\u00e9s de la promoci\u00f3n del uso de fertilizantes\u201d\u00a0para que cuando se conformara el nuevo Congreso, se tratara en las comisiones de Agricultura y Ganader\u00eda y de Presupuesto y Hacienda de la C\u00e1mara de Diputados.<\/p>\n<p>En 2015 Basterra, junto al diputado radical, Juan Casa\u00f1as, hab\u00edan presentado un proyecto de ley similar, pero el mismo perdi\u00f3 el estado parlamentario. En la redacci\u00f3n de la normativa estaba La Asociaci\u00f3n Civil Fertilizar, que nuclea a fabricantes de fertilizantes, y entre sus puntos fuertes, \u00a0permite desgravar del Impuesto a las Ganancias el 100% del costo de los fertilizantes, exige al productor agropecuario que presente un plan de siembra de al menos 3 a\u00f1os y tambi\u00e9n se exige un an\u00e1lisis de suelo.<\/p>\n<p>Fuente: Bichos de Campo<\/p>\n","protected":false},"excerpt":{"rendered":"<p>As\u00ed de clarito parece haber sido Santiago Cafiero, el flamante Jefe de Gabinete de Alberto Fern\u00e1ndez, quien inform\u00f3 a sus colaboradores que el diputado del Frente de Todos, Luis Basterra, ser\u00e1 el nuevo Ministro de Agricultura<\/p>\n","protected":false},"author":5,"featured_media":0,"comment_status":"open","ping_status":"open","sticky":false,"template":"","format":"standard","meta":[],"categories":[33],"tags":[4283,23],"_links":{"self":[{"href":"http:\/\/rurallascolonias.com.ar\/index.php?rest_route=\/wp\/v2\/posts\/18228"}],"collection":[{"href":"http:\/\/rurallascolonias.com.ar\/index.php?rest_route=\/wp\/v2\/posts"}],"about":[{"href":"http:\/\/rurallascolonias.com.ar\/index.php?rest_route=\/wp\/v2\/types\/post"}],"author":[{"embeddable":true,"href":"http:\/\/rurallascolonias.com.ar\/index.php?rest_route=\/wp\/v2\/users\/5"}],"replies":[{"embeddable":true,"href":"http:\/\/rurallascolonias.com.ar\/index.php?rest_route=%2Fwp%2Fv2%2Fcomments&post=18228"}],"version-history":[{"count":1,"href":"http:\/\/rurallascolonias.com.ar\/index.php?rest_route=\/wp\/v2\/posts\/18228\/revisions"}],"predecessor-version":[{"id":18230,"href":"http:\/\/rurallascolonias.com.ar\/index.php?rest_route=\/wp\/v2\/posts\/18228\/revisions\/18230"}],"wp:attachment":[{"href":"http:\/\/rurallascolonias.com.ar\/index.php?rest_route=%2Fwp%2Fv2%2Fmedia&parent=18228"}],"wp:term":[{"taxonomy":"category","embeddable":true,"href":"http:\/\/rurallascolonias.com.ar\/index.php?rest_route=%2Fwp%2Fv2%2Fcategories&post=18228"},{"taxonomy":"post_tag","embeddable":true,"href":"http:\/\/rurallascolonias.com.ar\/index.php?rest_route=%2Fwp%2Fv2%2Ftags&post=18228"}],"curies":[{"name":"wp","href":"https:\/\/api.w.org\/{rel}","templated":true}]}}