{"id":18200,"date":"2019-12-02T10:20:02","date_gmt":"2019-12-02T10:20:02","guid":{"rendered":"http:\/\/rurallascolonias.com.ar\/?p=18200"},"modified":"2019-12-02T12:24:50","modified_gmt":"2019-12-02T12:24:50","slug":"duro-rechazo-de-coninagro-a-la-media-sancion-de-la-reforma-de-la-ley-de-fitosanitarios","status":"publish","type":"post","link":"http:\/\/rurallascolonias.com.ar\/?p=18200","title":{"rendered":"DURO RECHAZO DE CONINAGRO A LA MEDIA SANCI\u00d3N DE LA REFORMA DE LA LEY DE FITOSANITARIOS"},"content":{"rendered":"<p><em><strong><a href=\"http:\/\/rurallascolonias.com.ar\/?attachment_id=18193\" rel=\"attachment wp-att-18193\"><img loading=\"lazy\" class=\"alignright size-full wp-image-18193\" src=\"http:\/\/rurallascolonias.com.ar\/wp-content\/uploads\/2019\/11\/fitosanitarios.jpg\" alt=\"\" width=\"278\" height=\"181\" \/><\/a>La Comisi\u00f3n Asesora Regional Santa Fe de la entidad se expidi\u00f3 sobre la ley que pretende regular el uso de agroqu\u00edmicos en el territorio provincial. \u201cParte de la clase pol\u00edtica ignora la realidad de la salud de sus ni\u00f1os y ataca por publicidad a los productores\u201d, advirtieron<\/strong><\/em><!--more--><\/p>\n<p class=\"selectionShareable\">\u201cCuando la clase pol\u00edtica decide sobre la vida o los bienes de los ciudadanos pareciera que elige una de estas tres opciones: la ideolog\u00eda los llevar\u00eda a atacar a determinado sector sin preocuparse por saber si tiene raz\u00f3n, s\u00f3lo porque pertenece al sector que trabaja y produce para pagar impuestos. La soberbia la demuestran no consultando a quienes son id\u00f3neos o interesados directos en la materia. La ignorancia la demuestran al legislar sin conocer ni supinamente los temas sobre los que tratan. Si juntamos estas tres actitudes salen leyes como la que intentan sacar los diputados provinciales\u201d, expresaron desde Coninagro en un comunicado despu\u00e9s de que se diera media sanci\u00f3n a la reforma a la Ley 11.273 de fitosanitarios, de forma casi \u201csorpresiva\u201d y sin un debate que incluya al sector agropecuario.<\/p>\n<p class=\"selectionShareable\">\nEn este sentido, desde la entidad apuntaron que los agroqu\u00edmicos \u201cson el enemigo de moda\u201d y se ignora que las intoxicaciones por productos del agro no supera seg\u00fan cifras oficiales el 2 por ciento, y de acuerdo a esas mismas estad\u00edsticas las intoxicaciones hogare\u00f1as representan el 80 % de las internaciones.<\/p>\n<p class=\"selectionShareable\">\n<p class=\"selectionShareable\">\u201c\u00bfSab\u00edan ustedes que el glifosato (para tomar uno) est\u00e1 calificado como categor\u00eda 2 A, o sea probablemente cancer\u00edgeno por la agencia internacional de investigaci\u00f3n del c\u00e1ncer, IARC, al igual que tomar mate caliente, trastorno del sue\u00f1o o las emanaciones de motores diesel. \u00bfSab\u00eda usted que es significativamente m\u00e1s t\u00f3xico aplicar insecticidas sobre sus ni\u00f1os reci\u00e9n nacidos en ambientes cerrados, o aplicarlos sobre la cabeza de sus hijos al curar contra los piojos? \u201c, continu\u00f3 el documento.<\/p>\n<p class=\"selectionShareable\">\n<p class=\"selectionShareable\">\u201cSin embargo, parte de la clase pol\u00edtica ignora la realidad de la salud de sus ni\u00f1os y ataca por publicidad a los productores. \u00bfSab\u00edan que m\u00e1s de 22.000 argentinos mueren por a\u00f1o por intoxicaci\u00f3n causados por medicamentos? La epidemia silenciosa es la automedicaci\u00f3n, no los agroqu\u00edmicos, \u00bflo sabr\u00e1n los pol\u00edticos?\u201d\n<\/p>\n<p class=\"selectionShareable\">\nPor \u00faltimo, manifestaron que La Sociedad Rural de Reconquista y CONINAGRO\u00a0 est\u00e1n a disponibilidad \u201cpara evacuar dudas\u201d e insistieron en que \u201cno debe compararse a un productor irresponsable con los miles que lo son\u201d.<\/p>\n<p class=\"selectionShareable\">Fuente: Campo Litoral<\/p>\n","protected":false},"excerpt":{"rendered":"<p>La Comisi\u00f3n Asesora Regional Santa Fe de la entidad se expidi\u00f3 sobre la ley que pretende regular el uso de agroqu\u00edmicos en el territorio provincial. \u201cParte de la clase pol\u00edtica ignora la realidad de la salud de sus ni\u00f1os y ataca por publicidad a los productores\u201d, advirtieron<\/p>\n","protected":false},"author":5,"featured_media":0,"comment_status":"open","ping_status":"open","sticky":false,"template":"","format":"standard","meta":[],"categories":[1393],"tags":[216,4280,291,32],"_links":{"self":[{"href":"http:\/\/rurallascolonias.com.ar\/index.php?rest_route=\/wp\/v2\/posts\/18200"}],"collection":[{"href":"http:\/\/rurallascolonias.com.ar\/index.php?rest_route=\/wp\/v2\/posts"}],"about":[{"href":"http:\/\/rurallascolonias.com.ar\/index.php?rest_route=\/wp\/v2\/types\/post"}],"author":[{"embeddable":true,"href":"http:\/\/rurallascolonias.com.ar\/index.php?rest_route=\/wp\/v2\/users\/5"}],"replies":[{"embeddable":true,"href":"http:\/\/rurallascolonias.com.ar\/index.php?rest_route=%2Fwp%2Fv2%2Fcomments&post=18200"}],"version-history":[{"count":1,"href":"http:\/\/rurallascolonias.com.ar\/index.php?rest_route=\/wp\/v2\/posts\/18200\/revisions"}],"predecessor-version":[{"id":18201,"href":"http:\/\/rurallascolonias.com.ar\/index.php?rest_route=\/wp\/v2\/posts\/18200\/revisions\/18201"}],"wp:attachment":[{"href":"http:\/\/rurallascolonias.com.ar\/index.php?rest_route=%2Fwp%2Fv2%2Fmedia&parent=18200"}],"wp:term":[{"taxonomy":"category","embeddable":true,"href":"http:\/\/rurallascolonias.com.ar\/index.php?rest_route=%2Fwp%2Fv2%2Fcategories&post=18200"},{"taxonomy":"post_tag","embeddable":true,"href":"http:\/\/rurallascolonias.com.ar\/index.php?rest_route=%2Fwp%2Fv2%2Ftags&post=18200"}],"curies":[{"name":"wp","href":"https:\/\/api.w.org\/{rel}","templated":true}]}}