{"id":18188,"date":"2019-11-26T10:46:45","date_gmt":"2019-11-26T10:46:45","guid":{"rendered":"http:\/\/rurallascolonias.com.ar\/?p=18188"},"modified":"2019-11-26T16:52:28","modified_gmt":"2019-11-26T16:52:28","slug":"las-cadenas-agroalimentarias-generan-37-millones-de-puestos-de-trabajo-el-22-del-total-de-empleo-en-el-sector-privado","status":"publish","type":"post","link":"http:\/\/rurallascolonias.com.ar\/?p=18188","title":{"rendered":"LAS CADENAS AGROALIMENTARIAS GENERAN 3,7 MILLONES DE PUESTOS DE TRABAJO, EL 22% DEL TOTAL DE EMPLEO EN EL SECTOR PRIVADO"},"content":{"rendered":"<p><strong><em><a href=\"http:\/\/rurallascolonias.com.ar\/?attachment_id=18190\" rel=\"attachment wp-att-18190\"><img loading=\"lazy\" class=\"alignright size-full wp-image-18190\" src=\"http:\/\/rurallascolonias.com.ar\/wp-content\/uploads\/2019\/11\/Las-cadenas-agroalimentarias.jpg\" alt=\"\" width=\"1528\" height=\"1080\" srcset=\"http:\/\/rurallascolonias.com.ar\/wp-content\/uploads\/2019\/11\/Las-cadenas-agroalimentarias.jpg 1528w, http:\/\/rurallascolonias.com.ar\/wp-content\/uploads\/2019\/11\/Las-cadenas-agroalimentarias-300x212.jpg 300w, http:\/\/rurallascolonias.com.ar\/wp-content\/uploads\/2019\/11\/Las-cadenas-agroalimentarias-768x543.jpg 768w, http:\/\/rurallascolonias.com.ar\/wp-content\/uploads\/2019\/11\/Las-cadenas-agroalimentarias-1024x724.jpg 1024w, http:\/\/rurallascolonias.com.ar\/wp-content\/uploads\/2019\/11\/Las-cadenas-agroalimentarias-600x424.jpg 600w, http:\/\/rurallascolonias.com.ar\/wp-content\/uploads\/2019\/11\/Las-cadenas-agroalimentarias-624x441.jpg 624w\" sizes=\"(max-width: 1528px) 100vw, 1528px\" \/><\/a>Seg\u00fan un nuevo estudio de FADA (Fundaci\u00f3n Agropecuaria para el Desarrollo de Argentina) que intenta comunicar el aporte del campo \u201cen n\u00fameros\u201d, el sector genera de manera directa e indirecta 2 de cada 10 empleos en el sector privado, un total de 3,7 millones de puestos de trabajo<\/em><\/strong><!--more--><\/p>\n<p>partir de datos oficiales para 2018 se sabe que en la Argentina hab\u00eda 20.723.314 personas que se encontraban dentro de PEA (Poblaci\u00f3n Econ\u00f3micamente Activa), es decir que estaban trabajando o buscando trabajo. De ese total, un total de 18.798.927 personas entraban en la categor\u00eda de ocupados, mientras que los 1.924.387 restantes estaban desocupados. Esto refleja que de los 44,5 millones de argentinos, el 42,3% se encontraba empleado. Por otro lado, de los 20,5 millones, 17.017.816 eran puestos de trabajo en el \u00e1mbito privado (83%), mientras que 3.482.737 se desempe\u00f1aban en el sector p\u00fablico (17%).<\/p>\n<p>En este contexto, FADA calcul\u00f3 cu\u00e1ntas personas se desempe\u00f1aban dentro de las llamadas cadenas agroalimentarias. Para ello, se utilizan las bases de INDEC complementadas con los datos aportados por SIPA y el Ministerio de Producci\u00f3n y Trabajo.<\/p>\n<p>\u201cPara el a\u00f1o 2018, las cadenas agroalimentarias generaron 3.710.876 puestos de trabajo. De estos, el 72% se encontraba empleado de manera formal (en relaci\u00f3n de dependencia o cuentapropista) y el 28% restante en el mercado informal\u201d, indic\u00f3 el trabajo. En comparaci\u00f3n con el total del empleo privado citado previamente, surge que 2 de cada 10 puestos de trabajo se generan desde las cadenas agroalimentarias, o el 22% de los empleos en el sector privado. \u201cSi se suma el sector p\u00fablico y se considera el empleo p\u00fablico y privado, dicha participaci\u00f3n es del 18%\u201d del total, se precis\u00f3.<\/p>\n<p>Considerando el eslab\u00f3n primario, que genera 1.418.962 puestos de trabajo, se destaca que las econom\u00edas regionales generan el 32% de dicho empleo, seguido en importancia por las cadenas c\u00e1rnicas y lecher\u00eda con un 29% y luego los cereales y oleaginosas, con un 18%.<\/p>\n<p>Dentro de este eslab\u00f3n, sin embargo, se destaca tambi\u00e9n la generaci\u00f3n de empleo producida por la prestaci\u00f3n de servicios estrictamente vinculados al eslab\u00f3n, como lo son los contratistas, veterinarios, ingenieros agr\u00f3nomos, entre otros. Estos generaron el 20% del empleo primario.<\/p>\n<p>En el mismo sentido, dentro del eslab\u00f3n industrial, que genera 836.768 puestos de trabajo, el agregado de valor al sector c\u00e1rnico y lechero es el mayor generador de empleo con el 35%, seguido por los cereales y oleaginosas con un 32% y luego, por las econom\u00edas regionales con un 20%. Por \u00faltimo, se encuentra el sector forestal con un 14% del empleo generado en el sector industrial.<\/p>\n<p>Fuente: Bichos de Campo<\/p>\n<p><a href=\"http:\/\/rurallascolonias.com.ar\/?attachment_id=18189\" rel=\"attachment wp-att-18189\"><img loading=\"lazy\" class=\"alignright size-full wp-image-18189\" src=\"http:\/\/rurallascolonias.com.ar\/wp-content\/uploads\/2019\/11\/Las-cadenas-agroalimentarias1.png\" alt=\"\" width=\"867\" height=\"468\" srcset=\"http:\/\/rurallascolonias.com.ar\/wp-content\/uploads\/2019\/11\/Las-cadenas-agroalimentarias1.png 867w, http:\/\/rurallascolonias.com.ar\/wp-content\/uploads\/2019\/11\/Las-cadenas-agroalimentarias1-300x162.png 300w, http:\/\/rurallascolonias.com.ar\/wp-content\/uploads\/2019\/11\/Las-cadenas-agroalimentarias1-768x415.png 768w, http:\/\/rurallascolonias.com.ar\/wp-content\/uploads\/2019\/11\/Las-cadenas-agroalimentarias1-600x324.png 600w, http:\/\/rurallascolonias.com.ar\/wp-content\/uploads\/2019\/11\/Las-cadenas-agroalimentarias1-624x337.png 624w\" sizes=\"(max-width: 867px) 100vw, 867px\" \/><\/a><\/p>\n","protected":false},"excerpt":{"rendered":"<p>Seg\u00fan un nuevo estudio de FADA (Fundaci\u00f3n Agropecuaria para el Desarrollo de Argentina) que intenta comunicar el aporte del campo \u201cen n\u00fameros\u201d, el sector genera de manera directa e indirecta 2 de cada 10 empleos en el sector privado, un total de 3,7 millones de puestos de trabajo<\/p>\n","protected":false},"author":5,"featured_media":0,"comment_status":"open","ping_status":"open","sticky":false,"template":"","format":"standard","meta":[],"categories":[14],"tags":[1700,1180],"_links":{"self":[{"href":"http:\/\/rurallascolonias.com.ar\/index.php?rest_route=\/wp\/v2\/posts\/18188"}],"collection":[{"href":"http:\/\/rurallascolonias.com.ar\/index.php?rest_route=\/wp\/v2\/posts"}],"about":[{"href":"http:\/\/rurallascolonias.com.ar\/index.php?rest_route=\/wp\/v2\/types\/post"}],"author":[{"embeddable":true,"href":"http:\/\/rurallascolonias.com.ar\/index.php?rest_route=\/wp\/v2\/users\/5"}],"replies":[{"embeddable":true,"href":"http:\/\/rurallascolonias.com.ar\/index.php?rest_route=%2Fwp%2Fv2%2Fcomments&post=18188"}],"version-history":[{"count":1,"href":"http:\/\/rurallascolonias.com.ar\/index.php?rest_route=\/wp\/v2\/posts\/18188\/revisions"}],"predecessor-version":[{"id":18191,"href":"http:\/\/rurallascolonias.com.ar\/index.php?rest_route=\/wp\/v2\/posts\/18188\/revisions\/18191"}],"wp:attachment":[{"href":"http:\/\/rurallascolonias.com.ar\/index.php?rest_route=%2Fwp%2Fv2%2Fmedia&parent=18188"}],"wp:term":[{"taxonomy":"category","embeddable":true,"href":"http:\/\/rurallascolonias.com.ar\/index.php?rest_route=%2Fwp%2Fv2%2Fcategories&post=18188"},{"taxonomy":"post_tag","embeddable":true,"href":"http:\/\/rurallascolonias.com.ar\/index.php?rest_route=%2Fwp%2Fv2%2Ftags&post=18188"}],"curies":[{"name":"wp","href":"https:\/\/api.w.org\/{rel}","templated":true}]}}