{"id":18181,"date":"2019-11-22T14:42:03","date_gmt":"2019-11-22T14:42:03","guid":{"rendered":"http:\/\/rurallascolonias.com.ar\/?p=18181"},"modified":"2019-11-22T14:42:03","modified_gmt":"2019-11-22T14:42:03","slug":"la-mesa-de-enlace-de-santa-fe-busca-recuperar-la-iniciativa-y-no-estar-a-merced-de-la-de-la-dirigencia-politica","status":"publish","type":"post","link":"http:\/\/rurallascolonias.com.ar\/?p=18181","title":{"rendered":"LA MESA DE ENLACE DE SANTA FE BUSCA RECUPERAR LA INICIATIVA \u00abY NO ESTAR A MERCED DE LA DE LA DIRIGENCIA POL\u00cdTICA\u00bb"},"content":{"rendered":"<p><strong><em><a href=\"http:\/\/rurallascolonias.com.ar\/?attachment_id=18182\" rel=\"attachment wp-att-18182\"><img loading=\"lazy\" class=\"alignright size-full wp-image-18182\" src=\"http:\/\/rurallascolonias.com.ar\/wp-content\/uploads\/2019\/11\/Mesa-de-Enlace.jpg\" alt=\"\" width=\"275\" height=\"183\" \/><\/a>Las entidades que la componen volvieron a reunirse ayer, tras 20 meses desde el \u00faltimo encuentro. Afirmaron que \u201cno es por espanto\u201d, sino para incidir en la agenda para el sector, tanto en el Poder Ejecutivo como en el Legislativo<\/em><\/strong><!--more--><\/p>\n<p class=\"selectionShareable\">La Mesa de Enlace de la provincia de Santa Fe decidi\u00f3 emprender una din\u00e1mica de acci\u00f3n conjunta frente al gobierno local -que en pocos d\u00edas pasar\u00e1 del Frente Progresista al Partido Justicialista- ante la evidencia de que, por separado, no han logrado incidir en la agenda pol\u00edtica para el sector, tanto en el Poder Ejecutivo como en el Legislativo.<\/p>\n<p class=\"selectionShareable\">\n<p class=\"selectionShareable\">El \u00faltimo encuentro institucional entre Carsfe, Federaci\u00f3n Agraria, Sociedad Rural y Coninagro se hab\u00eda producido unos 20 meses atr\u00e1s (en febrero de 2018) y la decisi\u00f3n de retomar el contacto no responde -afirmaron- a un apuro ante el pr\u00f3ximo cambio de autoridades ni de una uni\u00f3n \u201cpor espanto\u201d, sino de la reacci\u00f3n frente a hechos que incumben al sector sin haber sido consultados.<\/p>\n<p class=\"selectionShareable\">\n<p class=\"selectionShareable\">\u201cLa agenda es pr\u00e1cticamente la misma de febrero de 2018; nos cost\u00f3 mucho desarrollarla o darle contenido y ahora la idea era darle una vuelta de rosca\u201d, dijo el Secretario de Carsfe, Ignacio M\u00e1ntaras. Desde entonces -dijo- los dirigentes ven\u00edan evaluando la necesidad de estructurar \u201cuna agenda com\u00fan\u201d, aunque aclar\u00f3 que el reencuentro no implica una formalizaci\u00f3n. \u201cNo se si institucionalizarla (a la Mesa), pero por lo menos darle cierta periodicidad\u201d, aclar\u00f3.<\/p>\n<p class=\"selectionShareable\">\n<p class=\"selectionShareable\">\u201cQue nos una el espanto no es bueno\u201d, se\u00f1al\u00f3 el ruralista en referencia a la sugerente cercan\u00eda con los cambios pol\u00edticos que se producir\u00e1n en las pr\u00f3ximas semanas con la asunci\u00f3n de nuevas administraciones, con diferentes signos pol\u00edticos, tanto en la provincia como en la Naci\u00f3n. Aunque han trabajado por separado, \u201cno hemos logrado incidir en pol\u00edticas p\u00fablicas, entonces nos planteamos hacerlo en conjunto\u201d, se sincer\u00f3.<\/p>\n<p class=\"selectionShareable\">\n<p class=\"selectionShareable\">De la reuni\u00f3n participaron Carlos Castagnani, Rafael Alem\u00e1n, Pedro Rostagno e Ignacio M\u00e1ntaras por Carsfe; Marina Masat por Coninagro; Marcelo Banchi y Omar Barchetta en representaci\u00f3n de Federaci\u00f3n Agraria; y Luis Giraudo, Jos\u00e9 Argenti y Guillermo Cullen por Sociedad Rural Argentina.<\/p>\n<p class=\"selectionShareable\">\n<p class=\"selectionShareable\">Las mayores preocupaciones que manifestaron son de car\u00e1cter provincial, sobre todo a partir de acciones de gobierno que incomodan al sector. En particular, M\u00e1ntaras se refiri\u00f3 a \u201calgunas iniciativas legislativas que nos han generado sorpresas porque han sido inconsultas\u201d. De ah\u00ed que hayan entendido la conveniencia de accionar en bloque \u201cfrente a ambos poderes\u201d.<\/p>\n<p class=\"selectionShareable\">\n<p class=\"selectionShareable\">El objetivo de retomar el trabajo conjunto, \u201cb\u00e1sicamente es incidir sobre el Poder Ejecutivo pr\u00f3ximo y el Legislativo sobre algunos temas, para tener un poco la iniciativa nosotros y no estar a merced de la dirigencia pol\u00edtica solamente\u201d.<\/p>\n<p class=\"selectionShareable\">\n<p class=\"selectionShareable\">La agenda se plante\u00f3 en torno a tres ejes. En primer lugar, se destacan aspectos tributarios tales como la Ley de Presupuesto y la Ley Impositiva Anual 2020, as\u00ed como el impuesto inmobiliario. Luego, las cuestiones de Infraestructura, con especial atenci\u00f3n a los asuntos viales e h\u00eddricos: la urgencia por los caminos rurales, tasa por hect\u00e1rea, el Programa Provincial de Accesibilidad Permanente a Unidades Productivas Ubicadas en Zonas Rurales (proyecto del Senador Alcides Calvo que implicar\u00eda nuevos aportes de productores para el mantenimiento vial), la aplicaci\u00f3n de la Ley de Aguas, los Planes Directores de Cuencas y la situaci\u00f3n de los Comit\u00e9s de Cuencas en general. Finalmente, el Eje Ambiental, en el que se insisti\u00f3 con el Proyecto de ley de fitosanitarios; Ley 10.552 de Conservaci\u00f3n y Uso de suelos y Observatorio de Suelos.<\/p>\n<p class=\"selectionShareable\">\n<p class=\"selectionShareable\">M\u00e1ntaras explic\u00f3 la demora en retomar las reuniones de la Mesa provincial en las diferencias de funcionamiento entre las entidades que las componen. Y aclar\u00f3 que s\u00ed est\u00e1n en contacto permanente, aunque sin trazar \u201cuna hoja de ruta bien definida\u201d. Al t\u00e9rmino del encuentro, se comprometieron a volver a reunirse en la Comisi\u00f3n de Transporte de la C\u00e1mara de Diputados de la Provincia, el pr\u00f3ximo mi\u00e9rcoles 27 de noviembre.<\/p>\n<p class=\"selectionShareable\">Fuente: CampoLitoral<\/p>\n<p class=\"selectionShareable\">Foto: Gentileza Litoral<\/p>\n","protected":false},"excerpt":{"rendered":"<p>Las entidades que la componen volvieron a reunirse ayer, tras 20 meses desde el \u00faltimo encuentro. Afirmaron que \u201cno es por espanto\u201d, sino para incidir en la agenda para el sector, tanto en el Poder Ejecutivo como en el Legislativo<\/p>\n","protected":false},"author":5,"featured_media":0,"comment_status":"open","ping_status":"open","sticky":false,"template":"","format":"standard","meta":[],"categories":[33,1393],"tags":[3132,34],"_links":{"self":[{"href":"http:\/\/rurallascolonias.com.ar\/index.php?rest_route=\/wp\/v2\/posts\/18181"}],"collection":[{"href":"http:\/\/rurallascolonias.com.ar\/index.php?rest_route=\/wp\/v2\/posts"}],"about":[{"href":"http:\/\/rurallascolonias.com.ar\/index.php?rest_route=\/wp\/v2\/types\/post"}],"author":[{"embeddable":true,"href":"http:\/\/rurallascolonias.com.ar\/index.php?rest_route=\/wp\/v2\/users\/5"}],"replies":[{"embeddable":true,"href":"http:\/\/rurallascolonias.com.ar\/index.php?rest_route=%2Fwp%2Fv2%2Fcomments&post=18181"}],"version-history":[{"count":1,"href":"http:\/\/rurallascolonias.com.ar\/index.php?rest_route=\/wp\/v2\/posts\/18181\/revisions"}],"predecessor-version":[{"id":18183,"href":"http:\/\/rurallascolonias.com.ar\/index.php?rest_route=\/wp\/v2\/posts\/18181\/revisions\/18183"}],"wp:attachment":[{"href":"http:\/\/rurallascolonias.com.ar\/index.php?rest_route=%2Fwp%2Fv2%2Fmedia&parent=18181"}],"wp:term":[{"taxonomy":"category","embeddable":true,"href":"http:\/\/rurallascolonias.com.ar\/index.php?rest_route=%2Fwp%2Fv2%2Fcategories&post=18181"},{"taxonomy":"post_tag","embeddable":true,"href":"http:\/\/rurallascolonias.com.ar\/index.php?rest_route=%2Fwp%2Fv2%2Ftags&post=18181"}],"curies":[{"name":"wp","href":"https:\/\/api.w.org\/{rel}","templated":true}]}}