{"id":18161,"date":"2019-11-19T13:17:57","date_gmt":"2019-11-19T13:17:57","guid":{"rendered":"http:\/\/rurallascolonias.com.ar\/?p=18161"},"modified":"2019-11-19T13:17:57","modified_gmt":"2019-11-19T13:17:57","slug":"los-desafios-para-el-sector-lechero-ante-el-nuevo-gobierno","status":"publish","type":"post","link":"http:\/\/rurallascolonias.com.ar\/?p=18161","title":{"rendered":"LOS DESAF\u00cdOS PARA EL SECTOR LECHERO ANTE EL NUEVO GOBIERNO"},"content":{"rendered":"<p><em><strong><a href=\"http:\/\/rurallascolonias.com.ar\/?attachment_id=18162\" rel=\"attachment wp-att-18162\"><img loading=\"lazy\" class=\"alignright size-full wp-image-18162\" src=\"http:\/\/rurallascolonias.com.ar\/wp-content\/uploads\/2019\/11\/Alberto-Fern\u00e1ndez1.jpg\" alt=\"\" width=\"1536\" height=\"1024\" srcset=\"http:\/\/rurallascolonias.com.ar\/wp-content\/uploads\/2019\/11\/Alberto-Fern\u00e1ndez1.jpg 1536w, http:\/\/rurallascolonias.com.ar\/wp-content\/uploads\/2019\/11\/Alberto-Fern\u00e1ndez1-300x200.jpg 300w, http:\/\/rurallascolonias.com.ar\/wp-content\/uploads\/2019\/11\/Alberto-Fern\u00e1ndez1-768x512.jpg 768w, http:\/\/rurallascolonias.com.ar\/wp-content\/uploads\/2019\/11\/Alberto-Fern\u00e1ndez1-1024x683.jpg 1024w, http:\/\/rurallascolonias.com.ar\/wp-content\/uploads\/2019\/11\/Alberto-Fern\u00e1ndez1-600x400.jpg 600w, http:\/\/rurallascolonias.com.ar\/wp-content\/uploads\/2019\/11\/Alberto-Fern\u00e1ndez1-624x416.jpg 624w\" sizes=\"(max-width: 1536px) 100vw, 1536px\" \/><\/a>Alguien le va a tener que decir al Se\u00f1or Fern\u00e1ndez que el sector lechero no esta concentrado SOLO en dos empresas. Quien le susurro eso al o\u00eddo, o lo hizo de ignorante (el peor insulto del S XXI) o de mala fe<\/strong><\/em><!--more--><\/p>\n<p>El sector industrial posee una atomizaci\u00f3n como pocos sectores de la econom\u00eda Argentina. Lo que sobra en ese sector industrial son actores, capacidad instalada y Cuit complicados. Los productos que el pa\u00eds produce para mercado interno y para la exportaci\u00f3n tienen calidad premium en su mayor\u00eda. Pero la descapitalizaci\u00f3n de este sector es alarmante.<\/p>\n<p>Otro de los inconvenientes que lo esperan es SanCor. Baja recepci\u00f3n de leche, paros en distintos sectores de la empresa, un sin numero de rumores que no viavilizan su operaci\u00f3n del d\u00eda ad\u00eda.<\/p>\n<p>La baja del consumo, altas tasas de inter\u00e9s sumado a la escalada de costos hizo trizas la rentabilidad en la mayor\u00eda de las compa\u00f1\u00edas. Incluso la de nuevos jugadores que han comenzado a tener un malabarismo m\u00e1gico de sus n\u00fameros mensuales y hasta han llegado a pensar si est\u00e1n en el negocio correcto<\/p>\n<p>La producci\u00f3n primaria ha visto desmoronarse su rentabilidad en los \u00faltimos tiempos. Informes del OCLA han tra\u00eddo informaci\u00f3n correcta de lo que ha venido ocurriendo Cabe destacar un informe del amigo Dairylando, el cual creemos que tiene el foco del problema. Cada vez menos vacas. Menos vacas, menos leche, menos productores. As\u00ed el negocio no le cierra a nadie<\/p>\n<p>Esperemos que el Se\u00f1or Fern\u00e1ndez cuando reciba al sector, tenga sobre la mesa informaci\u00f3n interesante para definir el camino a seguir. Tambi\u00e9n deseamos que cuando se junte con la Mesa L\u00e1ctea no sea un carnavalito de asistentes a la reuni\u00f3n. Nada bueno puede salir de una reuni\u00f3n a la cual asisten 20 personas para decir GRE-GRE cuando, profesionalmente, deber\u00edan decir GREGORIO.<\/p>\n<p>Fuente: Lecher\u00eda Latina<\/p>\n","protected":false},"excerpt":{"rendered":"<p>Alguien le va a tener que decir al Se\u00f1or Fern\u00e1ndez que el sector lechero no esta concentrado SOLO en dos empresas. Quien le susurro eso al o\u00eddo, o lo hizo de ignorante (el peor insulto del S XXI) o de mala fe<\/p>\n","protected":false},"author":5,"featured_media":0,"comment_status":"open","ping_status":"open","sticky":false,"template":"","format":"standard","meta":[],"categories":[46],"tags":[4277,230,485],"_links":{"self":[{"href":"http:\/\/rurallascolonias.com.ar\/index.php?rest_route=\/wp\/v2\/posts\/18161"}],"collection":[{"href":"http:\/\/rurallascolonias.com.ar\/index.php?rest_route=\/wp\/v2\/posts"}],"about":[{"href":"http:\/\/rurallascolonias.com.ar\/index.php?rest_route=\/wp\/v2\/types\/post"}],"author":[{"embeddable":true,"href":"http:\/\/rurallascolonias.com.ar\/index.php?rest_route=\/wp\/v2\/users\/5"}],"replies":[{"embeddable":true,"href":"http:\/\/rurallascolonias.com.ar\/index.php?rest_route=%2Fwp%2Fv2%2Fcomments&post=18161"}],"version-history":[{"count":1,"href":"http:\/\/rurallascolonias.com.ar\/index.php?rest_route=\/wp\/v2\/posts\/18161\/revisions"}],"predecessor-version":[{"id":18163,"href":"http:\/\/rurallascolonias.com.ar\/index.php?rest_route=\/wp\/v2\/posts\/18161\/revisions\/18163"}],"wp:attachment":[{"href":"http:\/\/rurallascolonias.com.ar\/index.php?rest_route=%2Fwp%2Fv2%2Fmedia&parent=18161"}],"wp:term":[{"taxonomy":"category","embeddable":true,"href":"http:\/\/rurallascolonias.com.ar\/index.php?rest_route=%2Fwp%2Fv2%2Fcategories&post=18161"},{"taxonomy":"post_tag","embeddable":true,"href":"http:\/\/rurallascolonias.com.ar\/index.php?rest_route=%2Fwp%2Fv2%2Ftags&post=18161"}],"curies":[{"name":"wp","href":"https:\/\/api.w.org\/{rel}","templated":true}]}}