{"id":18147,"date":"2019-11-11T17:28:05","date_gmt":"2019-11-11T17:28:05","guid":{"rendered":"http:\/\/rurallascolonias.com.ar\/?p=18147"},"modified":"2019-11-11T17:28:05","modified_gmt":"2019-11-11T17:28:05","slug":"el-cambio-de-gobierno-sera-clave-en-el-conflicto-de-sancor","status":"publish","type":"post","link":"http:\/\/rurallascolonias.com.ar\/?p=18147","title":{"rendered":"EL CAMBIO DE GOBIERNO SER\u00c1 CLAVE EN EL CONFLICTO DE \u201cSANCOR\u201d"},"content":{"rendered":"<div class=\"featured_caption\"><em><strong><a href=\"http:\/\/rurallascolonias.com.ar\/?attachment_id=18148\" rel=\"attachment wp-att-18148\"><img loading=\"lazy\" class=\"alignright size-full wp-image-18148\" src=\"http:\/\/rurallascolonias.com.ar\/wp-content\/uploads\/2019\/11\/sancor.jpg\" alt=\"\" width=\"1051\" height=\"696\" srcset=\"http:\/\/rurallascolonias.com.ar\/wp-content\/uploads\/2019\/11\/sancor.jpg 1051w, http:\/\/rurallascolonias.com.ar\/wp-content\/uploads\/2019\/11\/sancor-300x199.jpg 300w, http:\/\/rurallascolonias.com.ar\/wp-content\/uploads\/2019\/11\/sancor-768x509.jpg 768w, http:\/\/rurallascolonias.com.ar\/wp-content\/uploads\/2019\/11\/sancor-1024x678.jpg 1024w, http:\/\/rurallascolonias.com.ar\/wp-content\/uploads\/2019\/11\/sancor-600x397.jpg 600w, http:\/\/rurallascolonias.com.ar\/wp-content\/uploads\/2019\/11\/sancor-624x413.jpg 624w\" sizes=\"(max-width: 1051px) 100vw, 1051px\" \/><\/a>Trabajadores pidieron al ministerio de Trabajo una soluci\u00f3n para los empleados de \u201cSanCor\u201d Representantes de los trabajadores mantuvieron un encuentro en el que estuvieron presentes autoridades de la empresa. \u201cLamentablemente hubo que llegar a esta situaci\u00f3n y a que \u2018SanCor\u2019 blanqueara su decisi\u00f3n de despedir a los compa\u00f1eros\u201d, indicaron.\u00a0<\/strong><\/em><\/div>\n<div class=\"single-articles\">\n<div class=\"excerpt-home\">\n<p><em><strong>ESPERA. Tras la \u00faltima reuni\u00f3n, se espera un avance en las negociaciones entre las empresas<\/strong><\/em><\/p>\n<p>El subsecretario de Trabajo bonaerense asegur\u00f3 que se encargar\u00e1 de que la situaci\u00f3n de los veinti\u00fan trabajadores sea prioridad en la agenda de quien lo reemplace.<\/p>\n<p>La situaci\u00f3n que atraviesan los veinti\u00fan trabajadores del \u201cMendicrim\u201d tom\u00f3 una importante dimensi\u00f3n y es parte de la agenda pol\u00edtica de cara al cambio de Gobierno.<\/p>\n<p>Cabe recordar que, la semana pasada, se hab\u00eda concretado una reuni\u00f3n muy importante con directivos de \u201cSanCor\u201d, tras la cual se hab\u00eda determinado la conciliaci\u00f3n voluntaria. Adem\u00e1s, \u201cbloques pol\u00edticos de distintos partidos se hicieron eco del pedido de apoyo de los damnificados y gestionaron la intervenci\u00f3n del Poder Ejecutivo, a trav\u00e9s del ministerio de Trabajo de la provincia\u201d, explicaron los trabajadores.<\/p>\n<p>\u201cA su vez, en este contexto, son varios los actores nuevos que pueden jugar un papel preponderante en esta situaci\u00f3n. Ante la reelecci\u00f3n del intendente de Lincoln, Salvador Serenal, el mapa del conflicto gan\u00f3 la continuidad de un personaje importante, que hab\u00eda sido fundamental para la cumbre que se hab\u00eda dado entre las empresas y Atilra\u201d, agregaron.<\/p>\n<p>En tanto, a nivel provincial, ser\u00e1 muy importante lo que pase en este per\u00edodo de transici\u00f3n, dado que, seg\u00fan lo manifestado por el gerente general de Atilra Seccional Jun\u00edn, Juan Ferreyra, \u201cel subsecretario de Trabajo actual (Horacio Barreiro), que hab\u00eda intervenido en la \u00faltima reuni\u00f3n, pidi\u00f3 una pr\u00f3rroga por 90 d\u00edas, pero la empresa \u2018SanCor\u2019 estar\u00eda dispuesta a llevarla hasta fin de mes, porque 90 d\u00edas era mucho y quedaron en hablar\u201d.<\/p>\n<p>Adem\u00e1s hizo referencia a uno de los ejes centrales en esta etapa. \u201cHay un tema que tienen que resolver, que es el de los telegramas que llegan a los trabajadores en plena conciliaci\u00f3n obligatoria, ya que todos sabemos que dichos telegramas toman validez cuando las personas lo reciben, y eso fue el 29 o 30 (de agosto), por eso, el subsecretario dio a entender que se podr\u00eda tomar una determinaci\u00f3n sobre dejar sin efecto los despidos\u201d, explic\u00f3.<\/p>\n<p>En cuanto a la posible intervenci\u00f3n de nuevos personajes en el conflicto, Ferreyra se\u00f1al\u00f3: \u201cTodo suma, inclusive que el subsecretario de Trabajo nos haya manifestado que va transmitir el tema a quien lo reemplace y, de esa forma, la persona que entre en su lugar va a tener el tema de los veinti\u00fan trabajadores del \u2018Mendicrim\u2019 como primordial\u201d.<\/p>\n<p><span class=\"color-blue\">Fuente\u00a0<\/span><b><a href=\"https:\/\/lapostadiario.com\/el-cambio-de-gobierno-sera-clave-en-el-conflicto-de-sancor\/\" target=\"_blank\" rel=\"noopener noreferrer\">La Posta del Noroeste<\/a><\/b><\/p>\n<\/div>\n<\/div>\n<p><!--more--><\/p>\n","protected":false},"excerpt":{"rendered":"<p>Trabajadores pidieron al ministerio de Trabajo una soluci\u00f3n para los empleados de \u201cSanCor\u201d Representantes de los trabajadores mantuvieron un encuentro en el que estuvieron presentes autoridades de la empresa. \u201cLamentablemente hubo que llegar a esta situaci\u00f3n y a que \u2018SanCor\u2019 blanqueara su decisi\u00f3n de despedir a los compa\u00f1eros\u201d, indicaron.\u00a0 ESPERA. Tras la \u00faltima reuni\u00f3n, se [&hellip;]<\/p>\n","protected":false},"author":5,"featured_media":0,"comment_status":"open","ping_status":"open","sticky":false,"template":"","format":"standard","meta":[],"categories":[33],"tags":[1396,598],"_links":{"self":[{"href":"http:\/\/rurallascolonias.com.ar\/index.php?rest_route=\/wp\/v2\/posts\/18147"}],"collection":[{"href":"http:\/\/rurallascolonias.com.ar\/index.php?rest_route=\/wp\/v2\/posts"}],"about":[{"href":"http:\/\/rurallascolonias.com.ar\/index.php?rest_route=\/wp\/v2\/types\/post"}],"author":[{"embeddable":true,"href":"http:\/\/rurallascolonias.com.ar\/index.php?rest_route=\/wp\/v2\/users\/5"}],"replies":[{"embeddable":true,"href":"http:\/\/rurallascolonias.com.ar\/index.php?rest_route=%2Fwp%2Fv2%2Fcomments&post=18147"}],"version-history":[{"count":1,"href":"http:\/\/rurallascolonias.com.ar\/index.php?rest_route=\/wp\/v2\/posts\/18147\/revisions"}],"predecessor-version":[{"id":18149,"href":"http:\/\/rurallascolonias.com.ar\/index.php?rest_route=\/wp\/v2\/posts\/18147\/revisions\/18149"}],"wp:attachment":[{"href":"http:\/\/rurallascolonias.com.ar\/index.php?rest_route=%2Fwp%2Fv2%2Fmedia&parent=18147"}],"wp:term":[{"taxonomy":"category","embeddable":true,"href":"http:\/\/rurallascolonias.com.ar\/index.php?rest_route=%2Fwp%2Fv2%2Fcategories&post=18147"},{"taxonomy":"post_tag","embeddable":true,"href":"http:\/\/rurallascolonias.com.ar\/index.php?rest_route=%2Fwp%2Fv2%2Ftags&post=18147"}],"curies":[{"name":"wp","href":"https:\/\/api.w.org\/{rel}","templated":true}]}}