{"id":18131,"date":"2019-11-04T17:08:37","date_gmt":"2019-11-04T17:08:37","guid":{"rendered":"http:\/\/rurallascolonias.com.ar\/?p=18131"},"modified":"2019-11-04T17:08:37","modified_gmt":"2019-11-04T17:08:37","slug":"discusiones-dentro-de-cra-frente-a-la-posibilidad-de-que-el-gobierno-de-alberto-aumente-las-retenciones","status":"publish","type":"post","link":"http:\/\/rurallascolonias.com.ar\/?p=18131","title":{"rendered":"DISCUSIONES DENTRO DE CRA FRENTE A LA POSIBILIDAD DE QUE EL GOBIERNO DE ALBERTO AUMENTE LAS RETENCIONES"},"content":{"rendered":"<p><em><strong><a href=\"http:\/\/rurallascolonias.com.ar\/?attachment_id=18132\" rel=\"attachment wp-att-18132\"><img loading=\"lazy\" class=\"alignright size-full wp-image-18132\" src=\"http:\/\/rurallascolonias.com.ar\/wp-content\/uploads\/2019\/11\/martias-de-velazco.jpg\" alt=\"\" width=\"729\" height=\"321\" srcset=\"http:\/\/rurallascolonias.com.ar\/wp-content\/uploads\/2019\/11\/martias-de-velazco.jpg 729w, http:\/\/rurallascolonias.com.ar\/wp-content\/uploads\/2019\/11\/martias-de-velazco-300x132.jpg 300w, http:\/\/rurallascolonias.com.ar\/wp-content\/uploads\/2019\/11\/martias-de-velazco-600x264.jpg 600w, http:\/\/rurallascolonias.com.ar\/wp-content\/uploads\/2019\/11\/martias-de-velazco-624x275.jpg 624w\" sizes=\"(max-width: 729px) 100vw, 729px\" \/><\/a>Confederaciones Rurales Argentinas (CRA) est\u00e1 conformada por 16 confederaciones regionales que a su vez nuclean a unas 300 sociedades rurales distribuidas por todo el pa\u00eds. Las dos confederaciones m\u00e1s poderosas que la integran son Carbap (que representa a Buenos Aires y La Pampa) y Cartez (que representa a C\u00f3rdoba). Entre esas dos confederaciones surgi\u00f3 una peque\u00f1a grieta respecto de cu\u00e1l debe ser la posici\u00f3n gremial del sector frente a una posible suba de las retenciones con el nuevo gobierno de Alberto Fern\u00e1ndez<\/strong><\/em><!--more--><\/p>\n<p>Mat\u00edas de Velazco, el presidente de Carbap, asegur\u00f3 este fin de semana en el programa televisivo\u00a0<strong>La Naci\u00f3n Campo<\/strong>\u00a0que es necesario actualizar las retenciones agropecuarias vigentes porque \u201cel campo no es ego\u00edsta\u201d.<\/p>\n<p>\u201cTenemos que tener los pies sobre la tierra, este no es momento para sacar las retenciones; creo que tiene ser una medida coyuntural y empezar a pensar ya en forma gradual, cuando asuma el nuevo gobierno, en forma planificada, empezar a desarticularlas. Pero en este momento claramente no se va a pedir que se eliminen\u201d, asegur\u00f3 el dirigente de Carbap.<\/p>\n<p>De Velazco incluso reconoci\u00f3 que \u201ccon el aumento del d\u00f3lar, lo que originalmente se pens\u00f3 en un 10%, actualmente queda desactualizado\u201d. Se refer\u00eda a las neo-retenciones de 3 y 4 pesos por d\u00f3lar impuestas por el macrismo en agosto de 2018, luego del acuerdo con el FMI. Actualmente, debido a la fuerte devaluaci\u00f3n, esa al\u00edcuota que grava a todos los bienes exportados se encuentra en niveles porcentuales \u00ednfimos, de entre 5 y 7%. La soja, que adem\u00e1s tributa un adicional fijo de 18%, est\u00e1 pagando as\u00ed retenciones cercanas al 25%, uno de los niveles m\u00e1s bajos de los \u00faltimos 15 a\u00f1os.<\/p>\n<p>\u201cCreo que el campo entiende la situaci\u00f3n de emergencia que est\u00e1 viviendo Argentina. El campo en eso no es ego\u00edsta, creo que ya lo demostr\u00f3 en alg\u00fan momento. Incluso cuando se originaron en el gobierno de (Eduardo) Duhalde, el campo puso el hombro. Y cuando Macri las tuvo que reimplantar el campo guard\u00f3 silencio, apret\u00f3 los dientes, baj\u00f3 la cabeza y apoy\u00f3. Y ahora va a hacer lo mismo\u201d, explic\u00f3 de Velazco.<\/p>\n<p>Aclar\u00f3 el dirigente bonaerense que esta postura no significa estar de acuerdo con el tributo a las exportaciones, que es muy poco utilizado por los pa\u00edses semejantes a la Argentina. \u201cPor supuesto que no lo vemos con agrado, pero entendemos la emergencia por la cual est\u00e1 atravesando la Argentina, entendemos la pobreza, la cantidad de pobres que hay, y pondremos el hombro. Por supuesto que las retenciones no es la \u00fanica pol\u00edtica tributaria que hay hacia el campo, hay que verlo todo en su conjunto\u201d, indic\u00f3 el presidente de Carbap, que calific\u00f3 las retenciones como la soluci\u00f3n \u201cm\u00e1s r\u00e1pida y menos inteligente\u201d.<\/p>\n<p>Casi de inmediato le sali\u00f3 al cruce la Confederaci\u00f3n de Asociaciones Rurales de la Tercera Zona (Cartez). La entidad formada por rurales de C\u00f3rdoba, La Rioja y Catamarca record\u00f3 que las retenciones \u201cconstituyen el peor impuesto distorsivo que asfixia a las producciones generadoras de las divisas que nuestro pa\u00eds necesita de manera imperiosa\u201d.<\/p>\n<p>\u201cEn la pr\u00e1ctica, y contrariamente a lo que se pregona, las retenciones a las exportaciones han demostrado ser completamente ineficientes como herramienta de remediaci\u00f3n de la pobreza estructural que agobia ya a un 40% de los argentinos\u201d, subray\u00f3 el comunicado que firma el presidente de Cartez, Gabriel De Raedemaeker.<\/p>\n<p>El ruralista cordob\u00e9s afirm\u00f3 que este esquema actual de retenciones \u201cpone un freno a la generaci\u00f3n de fuentes y puestos de trabajo imprescindibles para superar la situaci\u00f3n de pobreza de quienes est\u00e9n dispuestos a salir de la realidad indigna del subsidio sin contraprestaciones, ayuda coyuntural que termina convirti\u00e9ndose en un certificado condenatorio a la dependencia de un favor pol\u00edtico\u201d.<\/p>\n<p>\u201cDesde Cartez, siempre propiciamos el di\u00e1logo como camino de construcci\u00f3n de consensos que posibiliten acuerdos s\u00f3lidos y perdurables, pero no estamos dispuestos a ceder a presiones que busquen hacernos renunciar a nuestros m\u00e1s elementales principios y convicciones\u201d, remarc\u00f3 el ruralista cordob\u00e9s.<\/p>\n","protected":false},"excerpt":{"rendered":"<p>Confederaciones Rurales Argentinas (CRA) est\u00e1 conformada por 16 confederaciones regionales que a su vez nuclean a unas 300 sociedades rurales distribuidas por todo el pa\u00eds. Las dos confederaciones m\u00e1s poderosas que la integran son Carbap (que representa a Buenos Aires y La Pampa) y Cartez (que representa a C\u00f3rdoba). Entre esas dos confederaciones surgi\u00f3 una [&hellip;]<\/p>\n","protected":false},"author":5,"featured_media":0,"comment_status":"open","ping_status":"open","sticky":false,"template":"","format":"standard","meta":[],"categories":[14],"tags":[116,30,4274,176,77],"_links":{"self":[{"href":"http:\/\/rurallascolonias.com.ar\/index.php?rest_route=\/wp\/v2\/posts\/18131"}],"collection":[{"href":"http:\/\/rurallascolonias.com.ar\/index.php?rest_route=\/wp\/v2\/posts"}],"about":[{"href":"http:\/\/rurallascolonias.com.ar\/index.php?rest_route=\/wp\/v2\/types\/post"}],"author":[{"embeddable":true,"href":"http:\/\/rurallascolonias.com.ar\/index.php?rest_route=\/wp\/v2\/users\/5"}],"replies":[{"embeddable":true,"href":"http:\/\/rurallascolonias.com.ar\/index.php?rest_route=%2Fwp%2Fv2%2Fcomments&post=18131"}],"version-history":[{"count":1,"href":"http:\/\/rurallascolonias.com.ar\/index.php?rest_route=\/wp\/v2\/posts\/18131\/revisions"}],"predecessor-version":[{"id":18133,"href":"http:\/\/rurallascolonias.com.ar\/index.php?rest_route=\/wp\/v2\/posts\/18131\/revisions\/18133"}],"wp:attachment":[{"href":"http:\/\/rurallascolonias.com.ar\/index.php?rest_route=%2Fwp%2Fv2%2Fmedia&parent=18131"}],"wp:term":[{"taxonomy":"category","embeddable":true,"href":"http:\/\/rurallascolonias.com.ar\/index.php?rest_route=%2Fwp%2Fv2%2Fcategories&post=18131"},{"taxonomy":"post_tag","embeddable":true,"href":"http:\/\/rurallascolonias.com.ar\/index.php?rest_route=%2Fwp%2Fv2%2Ftags&post=18131"}],"curies":[{"name":"wp","href":"https:\/\/api.w.org\/{rel}","templated":true}]}}