{"id":18118,"date":"2019-10-30T16:19:52","date_gmt":"2019-10-30T16:19:52","guid":{"rendered":"http:\/\/rurallascolonias.com.ar\/?p=18118"},"modified":"2019-10-30T16:19:52","modified_gmt":"2019-10-30T16:19:52","slug":"el-voto-del-campo-entre-el-apoyo-a-macri-y-el-temor-al-pasado","status":"publish","type":"post","link":"http:\/\/rurallascolonias.com.ar\/?p=18118","title":{"rendered":"EL VOTO DEL CAMPO: ENTRE EL APOYO A MACRI Y EL TEMOR AL PASADO"},"content":{"rendered":"<p><em><strong><a href=\"http:\/\/rurallascolonias.com.ar\/?attachment_id=18120\" rel=\"attachment wp-att-18120\"><img loading=\"lazy\" class=\"alignright size-full wp-image-18120\" src=\"http:\/\/rurallascolonias.com.ar\/wp-content\/uploads\/2019\/10\/El-voto-del-campo.jpg\" alt=\"\" width=\"1072\" height=\"589\" srcset=\"http:\/\/rurallascolonias.com.ar\/wp-content\/uploads\/2019\/10\/El-voto-del-campo.jpg 1072w, http:\/\/rurallascolonias.com.ar\/wp-content\/uploads\/2019\/10\/El-voto-del-campo-300x165.jpg 300w, http:\/\/rurallascolonias.com.ar\/wp-content\/uploads\/2019\/10\/El-voto-del-campo-768x422.jpg 768w, http:\/\/rurallascolonias.com.ar\/wp-content\/uploads\/2019\/10\/El-voto-del-campo-1024x563.jpg 1024w, http:\/\/rurallascolonias.com.ar\/wp-content\/uploads\/2019\/10\/El-voto-del-campo-600x330.jpg 600w, http:\/\/rurallascolonias.com.ar\/wp-content\/uploads\/2019\/10\/El-voto-del-campo-624x343.jpg 624w\" sizes=\"(max-width: 1072px) 100vw, 1072px\" \/><\/a>En el cintur\u00f3n productivo del pa\u00eds, Juntos por el Cambio reuni\u00f3 la mayor\u00eda de sus votos. El sector espera m\u00e1s di\u00e1logo del nuevo gobierno y una defensa de la institucionalidad<\/strong><\/em><!--more--><\/p>\n<p>S\u00f3lo basta con ver c\u00f3mo qued\u00f3 conformado el mapa pol\u00edtico luego de las elecciones del domingo para ver d\u00f3nde Juntos por el Cambio tuvo su mayor caudal de votos. Es la franja central del pa\u00eds, que se extiende de este a oeste por las provincias de Buenos Aires, Entre R\u00edos, Santa Fe, C\u00f3rdoba, San Luis y Mendoza; all\u00ed est\u00e1n concentrados los sectores m\u00e1s din\u00e1micos de la econom\u00eda nacional.<\/p>\n<p>Al igual que en las primarias, abiertas, simult\u00e1neas y obligatorias (Paso) del 11 de agosto pasado, el voto del agro fue para el Gobierno nacional.<\/p>\n<p>C\u00f3rdoba fue la provincia donde el amarillo tuvo su color m\u00e1s intenso. En el departamento Col\u00f3n, la f\u00f3rmula Mauricio Macri- Miguel Pichetto obtuvo la mayor diferencia porcentual de todo el pa\u00eds frente al binomio Alberto Fern\u00e1ndez-Cristina Fern\u00e1ndez: 40,18 puntos.<\/p>\n<p>\u201cLa lectura es sencilla. La ciudadan\u00eda de C\u00f3rdoba tiene la memoria fresca sobre el distanciamiento de Cristina Kirchner con toda la provincia y, en especial, con la parte productiva. Es un muy buen mensaje para el futuro presidente, sobre la necesidad de reconstruir el di\u00e1logo con la provincia, con los dirigentes y, sobre todo, con los vecinos\u201d, indic\u00f3 a La Voz Luis Picat, intendente electo de Jes\u00fas Mar\u00eda.<\/p>\n<p>Precisamente, la ciudad cabecera del departamento Col\u00f3n se comport\u00f3 de manera diferente en las \u00faltimas cuatro elecciones realizadas este a\u00f1o. El 12 de mayo, el voto mayoritario fue para el gobernador Juan Schiaretti; el 9 de junio, el candidato radical Luis Picat fue elegido intendente municipal, con el 53 por ciento; el 11 de agosto en las Paso, Macri triunf\u00f3 con 57 por ciento, y el domingo su caudal de votos creci\u00f3 hasta el 69 por ciento.<\/p>\n<p>\u201cEsto marca una madurez del elector del interior, que no se deja llevar por el partidismo y que busca propuestas entre los dirigentes. Adem\u00e1s de conocer que el agro es para la regi\u00f3n un motor proactivo y de cambio\u201d, sostuvo Luis Magliano, presidente de la Sociedad Rural de Jes\u00fas Mar\u00eda.<\/p>\n<p>M\u00e1s all\u00e1 de que el voto del interior, referenciado en el agro y en las econom\u00edas regionales, signific\u00f3 un apoyo al actual Gobierno, tambi\u00e9n contiene una alta dosis de rechazo a pol\u00edticas que en el pasado afectaron el desarrollo econ\u00f3mico.<\/p>\n<p>\u201cEn el voto, m\u00e1s all\u00e1 de la gesti\u00f3n de Macri, se refleja tambi\u00e9n el apoyo a la Rep\u00fablica, la institucionalidad, el di\u00e1logo y la lucha contra la corrupci\u00f3n. El desaf\u00edo del futuro gobierno ser\u00e1 su compromiso con esos valores\u201d, admiti\u00f3 Magliano.<\/p>\n<p>En el agro no se olvidan de que la gesti\u00f3n de Cambiemos alivi\u00f3 la carga impositiva (v\u00eda retenciones) a los granos y a las producciones de carne y de leche, y elimin\u00f3 las restricciones comerciales que hab\u00eda impuesto el gobierno anterior. Aunque admiten su impericia en algunas variables econ\u00f3micas.<\/p>\n<p>La regi\u00f3n centro<\/p>\n<p>Como viene ocurriendo desde la elecci\u00f3n de diciembre de 2015, Macri volvi\u00f3 a ratificar que es el preferido entre los votantes de casi la totalidad de los departamentos de C\u00f3rdoba, con la excepci\u00f3n de San Javier, Pocho, Cruz del Eje, Sobremonte y Minas, donde se impuso el ahora presidente electo Alberto Fern\u00e1ndez.<\/p>\n<p>La inclinaci\u00f3n de los votos del cintur\u00f3n productivo por el actual mandatario nacional se reflej\u00f3 tambi\u00e9n en la provincia de Buenos Aires. Si bien Juntos por el Cambio perdi\u00f3 all\u00ed por m\u00e1s de 15 puntos, la f\u00f3rmula Macri-Pichetto se impuso en toda la franja de partidos del oeste, el sudoeste, el centro y norte bonaerense. All\u00ed est\u00e1n ubicados \u2013al igual que en el sur de Santa Fe y en el sudeste cordob\u00e9s, donde tambi\u00e9n gan\u00f3 Macri\u2013 los campos m\u00e1s productivos del pa\u00eds.<\/p>\n<p>En Mendoza, Juntos por el Cambio tambi\u00e9n cosech\u00f3 la mayor cantidad de votos y se impuso en los departamentos con perfil m\u00e1s productivo, como Luj\u00e1n, la tierra del malbec por excelencia y la que aporta 14 por ciento del producto bruto geogr\u00e1fico de la provincia. Adem\u00e1s de Tunuy\u00e1n, Las Heras, San Carlos, Maip\u00fa, Guaymall\u00e9n, Rivadavia y Tupungato.<\/p>\n<p>En Santa Fe, Cambiemos gan\u00f3 en 11 de los 19 departamentos de la provincia. En Las Colonias, por ejemplo, de alto perfil agroindustrial, la diferencia a favor de Macri fue de 35,15 por ciento. Algo similar ocurri\u00f3 en Entre R\u00edos, donde el oficialismo gan\u00f3 nueve de los 17 departamentos.<\/p>\n<p>Aporte Divisas 2019\/2020<\/p>\n<p>U$S 8 mil millones. Es la valuaci\u00f3n que tiene la producci\u00f3n agr\u00edcola de la \u00faltima campa\u00f1a, que a\u00fan no ingres\u00f3 al circuito comercial.<\/p>\n<p><span class=\"color-blue\">Por\u00a0<\/span><b>ALEJANDRO ROLL\u00c1N<\/b>\u00a0<span class=\"color-blue\">Fuente\u00a0<\/span><b><a href=\"https:\/\/www.lavoz.com.ar\/politica\/voto-del-campo-entre-apoyo-macri-y-temor-al-pasado\" target=\"_blank\" rel=\"noopener noreferrer\">La Voz<\/a><\/b><\/p>\n","protected":false},"excerpt":{"rendered":"<p>En el cintur\u00f3n productivo del pa\u00eds, Juntos por el Cambio reuni\u00f3 la mayor\u00eda de sus votos. El sector espera m\u00e1s di\u00e1logo del nuevo gobierno y una defensa de la institucionalidad<\/p>\n","protected":false},"author":5,"featured_media":0,"comment_status":"open","ping_status":"open","sticky":false,"template":"","format":"standard","meta":[],"categories":[33],"tags":[1033,95,2439,4272],"_links":{"self":[{"href":"http:\/\/rurallascolonias.com.ar\/index.php?rest_route=\/wp\/v2\/posts\/18118"}],"collection":[{"href":"http:\/\/rurallascolonias.com.ar\/index.php?rest_route=\/wp\/v2\/posts"}],"about":[{"href":"http:\/\/rurallascolonias.com.ar\/index.php?rest_route=\/wp\/v2\/types\/post"}],"author":[{"embeddable":true,"href":"http:\/\/rurallascolonias.com.ar\/index.php?rest_route=\/wp\/v2\/users\/5"}],"replies":[{"embeddable":true,"href":"http:\/\/rurallascolonias.com.ar\/index.php?rest_route=%2Fwp%2Fv2%2Fcomments&post=18118"}],"version-history":[{"count":1,"href":"http:\/\/rurallascolonias.com.ar\/index.php?rest_route=\/wp\/v2\/posts\/18118\/revisions"}],"predecessor-version":[{"id":18121,"href":"http:\/\/rurallascolonias.com.ar\/index.php?rest_route=\/wp\/v2\/posts\/18118\/revisions\/18121"}],"wp:attachment":[{"href":"http:\/\/rurallascolonias.com.ar\/index.php?rest_route=%2Fwp%2Fv2%2Fmedia&parent=18118"}],"wp:term":[{"taxonomy":"category","embeddable":true,"href":"http:\/\/rurallascolonias.com.ar\/index.php?rest_route=%2Fwp%2Fv2%2Fcategories&post=18118"},{"taxonomy":"post_tag","embeddable":true,"href":"http:\/\/rurallascolonias.com.ar\/index.php?rest_route=%2Fwp%2Fv2%2Ftags&post=18118"}],"curies":[{"name":"wp","href":"https:\/\/api.w.org\/{rel}","templated":true}]}}