{"id":18043,"date":"2019-10-08T15:15:47","date_gmt":"2019-10-08T15:15:47","guid":{"rendered":"http:\/\/rurallascolonias.com.ar\/?p=18043"},"modified":"2019-10-08T15:15:47","modified_gmt":"2019-10-08T15:15:47","slug":"dia-del-trabajador-rural-por-que-se-celebra-un-8-de-octubre","status":"publish","type":"post","link":"http:\/\/rurallascolonias.com.ar\/?p=18043","title":{"rendered":"D\u00cdA DEL TRABAJADOR RURAL: POR QU\u00c9 SE CELEBRA UN 8 DE OCTUBRE"},"content":{"rendered":"<p><em><strong><a href=\"http:\/\/rurallascolonias.com.ar\/?attachment_id=18044\" rel=\"attachment wp-att-18044\"><img loading=\"lazy\" class=\"aligncenter size-full wp-image-18044\" src=\"http:\/\/rurallascolonias.com.ar\/wp-content\/uploads\/2019\/10\/d\u00eda-del-trabajador-rural.jpg\" alt=\"\" width=\"280\" height=\"180\" \/><\/a>La fecha de conmemoraci\u00f3n surgi\u00f3 en el a\u00f1o 1944, con un hecho que represent\u00f3 un gran avance para la \u00e9poca<\/strong><\/em><!--more--><\/p>\n<p>Hoy se conmemora a todos aquellos que trabajan en el campo d\u00eda a d\u00eda para<strong>\u00a0alcanzar un mejor futuro<\/strong>, un eslabon clave en el desarrollo econ\u00f3mico y social del pa\u00eds.<\/p>\n<p>Desde el INTA explicaron que un\u00a0<strong>8 de octubre de 1944<\/strong>\u00a0se sancion\u00f3 el primer\u00a0<strong>estatuto del Pe\u00f3n de Campo<\/strong>\u00a0(decreto 28.169). Esto represent\u00f3 un gran avance para la \u00e9poca ya que el documento establec\u00eda medidas en defensa del salario del pe\u00f3n y su estabilidad laboral.<\/p>\n<p>Entre ellas, se hac\u00eda referencia al<strong>\u00a0pago en moneda nacional<\/strong>, salarios m\u00ednimos y descansos obligatorios. El documento se sancion\u00f3 durante el gobierno del General Edelmiro Farrell, cuyo Secretario de Trabajo era Juan Domingo Per\u00f3n.<\/p>\n<p>El estatuto fue luego derogado por otro gobierno militar, restitu\u00eddo en 1974 y vuelto a derogar por el \u201cproceso de reorganizaci\u00f3n nacional\u201d (1976-1983), para ser reinstaurado y actualizado en el a\u00f1o 2004. En 2011 se sancion\u00f3 el nuevo estatuto mediante la Ley 26727.<\/p>\n<p>\u00abQuienes trabajan en el campo son esenciales para el\u00a0<strong>desarrollo econ\u00f3mico y social del pa\u00eds<\/strong>. Gracias a ellos, se impulsa la econom\u00eda regional, se conservan las tradiciones y se fortalece la identidad\u00bb, destaca el INTA.<\/p>\n<p>En este sentido, \u00abel\u00a0<strong>INTA los acompa\u00f1a<\/strong>\u00a0para que alcancen su potencial productivo mejorando sus\u00a0<strong>condiciones laborales y, muchas veces, personales<\/strong>\u00ab.<\/p>\n<p>Fuente: Agrofy<\/p>\n","protected":false},"excerpt":{"rendered":"<p>La fecha de conmemoraci\u00f3n surgi\u00f3 en el a\u00f1o 1944, con un hecho que represent\u00f3 un gran avance para la \u00e9poca<\/p>\n","protected":false},"author":5,"featured_media":0,"comment_status":"open","ping_status":"open","sticky":false,"template":"","format":"standard","meta":[],"categories":[14],"tags":[4269],"_links":{"self":[{"href":"http:\/\/rurallascolonias.com.ar\/index.php?rest_route=\/wp\/v2\/posts\/18043"}],"collection":[{"href":"http:\/\/rurallascolonias.com.ar\/index.php?rest_route=\/wp\/v2\/posts"}],"about":[{"href":"http:\/\/rurallascolonias.com.ar\/index.php?rest_route=\/wp\/v2\/types\/post"}],"author":[{"embeddable":true,"href":"http:\/\/rurallascolonias.com.ar\/index.php?rest_route=\/wp\/v2\/users\/5"}],"replies":[{"embeddable":true,"href":"http:\/\/rurallascolonias.com.ar\/index.php?rest_route=%2Fwp%2Fv2%2Fcomments&post=18043"}],"version-history":[{"count":1,"href":"http:\/\/rurallascolonias.com.ar\/index.php?rest_route=\/wp\/v2\/posts\/18043\/revisions"}],"predecessor-version":[{"id":18045,"href":"http:\/\/rurallascolonias.com.ar\/index.php?rest_route=\/wp\/v2\/posts\/18043\/revisions\/18045"}],"wp:attachment":[{"href":"http:\/\/rurallascolonias.com.ar\/index.php?rest_route=%2Fwp%2Fv2%2Fmedia&parent=18043"}],"wp:term":[{"taxonomy":"category","embeddable":true,"href":"http:\/\/rurallascolonias.com.ar\/index.php?rest_route=%2Fwp%2Fv2%2Fcategories&post=18043"},{"taxonomy":"post_tag","embeddable":true,"href":"http:\/\/rurallascolonias.com.ar\/index.php?rest_route=%2Fwp%2Fv2%2Ftags&post=18043"}],"curies":[{"name":"wp","href":"https:\/\/api.w.org\/{rel}","templated":true}]}}