{"id":18019,"date":"2019-10-01T16:58:28","date_gmt":"2019-10-01T16:58:28","guid":{"rendered":"http:\/\/rurallascolonias.com.ar\/?p=18019"},"modified":"2019-10-01T16:58:28","modified_gmt":"2019-10-01T16:58:28","slug":"fundacion-las-colonias-informa-el-inicio-de-la-campana-de-vacunacion-antiaftosa-2","status":"publish","type":"post","link":"http:\/\/rurallascolonias.com.ar\/?p=18019","title":{"rendered":"FUNDACI\u00d3N LAS COLONIAS INFORMA EL INICIO DE LA CAMPA\u00d1A DE VACUNACI\u00d3N ANTIAFTOSA"},"content":{"rendered":"<p class=\"x_MsoNormal\"><em><strong><a href=\"http:\/\/rurallascolonias.com.ar\/?attachment_id=8307\" rel=\"attachment wp-att-8307\"><img loading=\"lazy\" class=\"aligncenter size-full wp-image-8307\" src=\"http:\/\/rurallascolonias.com.ar\/wp-content\/uploads\/2015\/09\/vacunaci\u00f3n-antiaftosa-2.jpg\" alt=\"\" width=\"264\" height=\"191\" \/><\/a>La misma dar\u00e1 inicio el d\u00eda 4 de octubre y se extender\u00e1 por 45 d\u00edas. En esta oportunidad se deber\u00e1n \u00a0vacunar las categor\u00edas menores solamente<\/strong><\/em><br \/>\n<span id=\"more-18007\"><\/span><!--more--><\/p>\n<p class=\"x_MsoNormal\">Recomendamos comunicarse con su veterinario ,para programar la vacunaci\u00f3n ,como as\u00ed tambi\u00e9n se les solicita a los productores tener en buenas condiciones las instalaciones (mangas,corrales,etc) para un correcto trabajo.<\/p>\n<p class=\"x_MsoNormal\">Sociedad Rural de Las Colonias<\/p>\n","protected":false},"excerpt":{"rendered":"<p>La misma dar\u00e1 inicio el d\u00eda 4 de octubre y se extender\u00e1 por 45 d\u00edas. En esta oportunidad se deber\u00e1n \u00a0vacunar las categor\u00edas menores solamente<\/p>\n","protected":false},"author":5,"featured_media":0,"comment_status":"open","ping_status":"open","sticky":false,"template":"","format":"standard","meta":[],"categories":[2306],"tags":[4263,2312],"_links":{"self":[{"href":"http:\/\/rurallascolonias.com.ar\/index.php?rest_route=\/wp\/v2\/posts\/18019"}],"collection":[{"href":"http:\/\/rurallascolonias.com.ar\/index.php?rest_route=\/wp\/v2\/posts"}],"about":[{"href":"http:\/\/rurallascolonias.com.ar\/index.php?rest_route=\/wp\/v2\/types\/post"}],"author":[{"embeddable":true,"href":"http:\/\/rurallascolonias.com.ar\/index.php?rest_route=\/wp\/v2\/users\/5"}],"replies":[{"embeddable":true,"href":"http:\/\/rurallascolonias.com.ar\/index.php?rest_route=%2Fwp%2Fv2%2Fcomments&post=18019"}],"version-history":[{"count":1,"href":"http:\/\/rurallascolonias.com.ar\/index.php?rest_route=\/wp\/v2\/posts\/18019\/revisions"}],"predecessor-version":[{"id":18020,"href":"http:\/\/rurallascolonias.com.ar\/index.php?rest_route=\/wp\/v2\/posts\/18019\/revisions\/18020"}],"wp:attachment":[{"href":"http:\/\/rurallascolonias.com.ar\/index.php?rest_route=%2Fwp%2Fv2%2Fmedia&parent=18019"}],"wp:term":[{"taxonomy":"category","embeddable":true,"href":"http:\/\/rurallascolonias.com.ar\/index.php?rest_route=%2Fwp%2Fv2%2Fcategories&post=18019"},{"taxonomy":"post_tag","embeddable":true,"href":"http:\/\/rurallascolonias.com.ar\/index.php?rest_route=%2Fwp%2Fv2%2Ftags&post=18019"}],"curies":[{"name":"wp","href":"https:\/\/api.w.org\/{rel}","templated":true}]}}