{"id":18004,"date":"2019-09-25T16:39:01","date_gmt":"2019-09-25T16:39:01","guid":{"rendered":"http:\/\/rurallascolonias.com.ar\/?p=18004"},"modified":"2019-09-25T16:39:01","modified_gmt":"2019-09-25T16:39:01","slug":"maiz-temprano-avanza-la-siembra-a-muy-buen-ritmo","status":"publish","type":"post","link":"http:\/\/rurallascolonias.com.ar\/?p=18004","title":{"rendered":"MA\u00cdZ TEMPRANO: AVANZA LA SIEMBRA A MUY BUEN RITMO"},"content":{"rendered":"<p><em><strong><a href=\"http:\/\/rurallascolonias.com.ar\/?attachment_id=587\" rel=\"attachment wp-att-587\"><img loading=\"lazy\" class=\"aligncenter size-full wp-image-587\" src=\"http:\/\/rurallascolonias.com.ar\/wp-content\/uploads\/2013\/12\/maizales.jpg\" alt=\"\" width=\"259\" height=\"194\" \/><\/a>Lo implantado hasta la fecha present\u00f3 buena germinaci\u00f3n, emergencia y stand de plantas. Se destac\u00f3 el rol del importante paquete tecnol\u00f3gico utilizado por parte del sector productivo. En una semana, comenzar\u00eda la siembra del algod\u00f3n<\/strong><\/em><!--more--><\/p>\n<p class=\"selectionShareable\">El grado de avance del proceso de siembra del ma\u00edz temprano fue del 70%, con un incremento de 20 puntos intersemanal y 5 puntos inferior a la campa\u00f1a anterior, dice el informe del Sistema de Estimaciones Agr\u00edcolas para el Centro Norte de la Provincia de Santa Fe.<\/p>\n<p class=\"selectionShareable\">\nEn la semana, la actividad tuvo un ritmo muy sostenido aprovechando los escenarios con muy buenas condiciones ambientales, fecha casi \u00f3ptima para el cultivo y fundamentalmente la disponibilidad de humedad, agua \u00fatil en la cama de siembra.<\/p>\n<p class=\"selectionShareable\">\nLo implantado hasta la fecha present\u00f3 buena a muy buena germinaci\u00f3n, emergencia y stand de plantas, sin inconvenientes, al igual que su estado sanitario. El SEA destac\u00f3 el rol del importante paquete tecnol\u00f3gico utilizado por parte del sector productivo: maquinarias, materiales gen\u00e9ticos y fertilizantes de \u00faltima generaci\u00f3n.<\/p>\n<p class=\"selectionShareable\">\n<strong>Trigo<\/strong><\/p>\n<p class=\"selectionShareable\">\nSituaci\u00f3n campa\u00f1a 2018: El cultivo se manifest\u00f3 en un 95 % de lo implantado en estado bueno a muy bueno con muchos lotes en estado excelente, un 5 % en estado bueno a muy levemente regular. Superficie sembrada 358.500 ha.<\/p>\n<p class=\"selectionShareable\">\nSituaci\u00f3n campa\u00f1a 2019: Un 92 % del cultivo se observ\u00f3 en estado bueno a muy bueno, con lotes excelentes, un 5 % en estado bueno a levemente regular y un 3 % en estado regular. Superficie sembrada 378.000 ha.<\/p>\n<p class=\"selectionShareable\">\nEn comparaci\u00f3n con la buena a muy buena campa\u00f1a del 2018, se observaron similares condiciones, situaci\u00f3n de estados, desarrollos y etapas fenol\u00f3gicas, con la diferencia que para el ciclo actual, la superficie sembrada fue mayor, con 19.500 ha m\u00e1s.<\/p>\n<p class=\"selectionShareable\">\nEn general, el estado sanitario de los cultivares fue bueno, disminuyendo la presi\u00f3n ejercida por las enfermedades foliares. S\u00f3lo en algunas \u00e1reas puntuales de algunos departamentos, se realizaron aplicaciones de fungicidas en lotes con presencia de royas y mancha amarilla, dice el informe semanal del SEA, que difunde la Bolsa de Comercio de Santa Fe.<\/p>\n<p class=\"selectionShareable\">\n<strong>Girasol<\/strong><\/p>\n<p class=\"selectionShareable\">\nEl proceso de siembra en el \u00e1rea centro norte santafesina logr\u00f3 un grado de avance del orden del 85 %, un incremento intersemanal de 10 puntos y un retraso de 10 puntos en comparaci\u00f3n con la campa\u00f1a del a\u00f1o anterior, para similar per\u00edodo.<\/p>\n<p class=\"selectionShareable\">\nLo implantado continu\u00f3 evidenciando muy buena germinaci\u00f3n y emergencia, con muy buen comienzo y desarrollo de las plantas, bajo condiciones ambientales ideales, as\u00ed como tambi\u00e9n \u00f3ptima disponibilidad de agua \u00fatil en los suelos.<\/p>\n<p class=\"selectionShareable\">\n<p class=\"selectionShareable\">Sin inconvenientes en cuanto al estado sanitario del cultivo, sin presencia de pat\u00f3genos ni insectos.<\/p>\n<p class=\"selectionShareable\">\n<p class=\"selectionShareable\"><strong>Algod\u00f3n<\/strong><\/p>\n<p class=\"selectionShareable\">\nA una semana del inicio de la siembra en la zona este provincial, se monitorearon las trampas en los predios destinados a algod\u00f3n y continu\u00f3 la prevenci\u00f3n del ingreso del picudo al lote, realiz\u00e1ndose las aplicaciones en los bordes, en caso de necesidad<\/p>\n<p class=\"selectionShareable\">\n<p class=\"selectionShareable\"><strong>BCSF<\/strong><\/p>\n<p class=\"selectionShareable\">\n","protected":false},"excerpt":{"rendered":"<p>Lo implantado hasta la fecha present\u00f3 buena germinaci\u00f3n, emergencia y stand de plantas. Se destac\u00f3 el rol del importante paquete tecnol\u00f3gico utilizado por parte del sector productivo. En una semana, comenzar\u00eda la siembra del algod\u00f3n<\/p>\n","protected":false},"author":5,"featured_media":0,"comment_status":"open","ping_status":"open","sticky":false,"template":"","format":"standard","meta":[],"categories":[18],"tags":[2408,145],"_links":{"self":[{"href":"http:\/\/rurallascolonias.com.ar\/index.php?rest_route=\/wp\/v2\/posts\/18004"}],"collection":[{"href":"http:\/\/rurallascolonias.com.ar\/index.php?rest_route=\/wp\/v2\/posts"}],"about":[{"href":"http:\/\/rurallascolonias.com.ar\/index.php?rest_route=\/wp\/v2\/types\/post"}],"author":[{"embeddable":true,"href":"http:\/\/rurallascolonias.com.ar\/index.php?rest_route=\/wp\/v2\/users\/5"}],"replies":[{"embeddable":true,"href":"http:\/\/rurallascolonias.com.ar\/index.php?rest_route=%2Fwp%2Fv2%2Fcomments&post=18004"}],"version-history":[{"count":1,"href":"http:\/\/rurallascolonias.com.ar\/index.php?rest_route=\/wp\/v2\/posts\/18004\/revisions"}],"predecessor-version":[{"id":18005,"href":"http:\/\/rurallascolonias.com.ar\/index.php?rest_route=\/wp\/v2\/posts\/18004\/revisions\/18005"}],"wp:attachment":[{"href":"http:\/\/rurallascolonias.com.ar\/index.php?rest_route=%2Fwp%2Fv2%2Fmedia&parent=18004"}],"wp:term":[{"taxonomy":"category","embeddable":true,"href":"http:\/\/rurallascolonias.com.ar\/index.php?rest_route=%2Fwp%2Fv2%2Fcategories&post=18004"},{"taxonomy":"post_tag","embeddable":true,"href":"http:\/\/rurallascolonias.com.ar\/index.php?rest_route=%2Fwp%2Fv2%2Ftags&post=18004"}],"curies":[{"name":"wp","href":"https:\/\/api.w.org\/{rel}","templated":true}]}}