{"id":18001,"date":"2019-09-23T16:55:44","date_gmt":"2019-09-23T16:55:44","guid":{"rendered":"http:\/\/rurallascolonias.com.ar\/?p=18001"},"modified":"2019-09-23T16:55:44","modified_gmt":"2019-09-23T16:55:44","slug":"se-robaron-un-tractor-y-se-lo-llevaron-andando","status":"publish","type":"post","link":"http:\/\/rurallascolonias.com.ar\/?p=18001","title":{"rendered":"SE ROBARON UN TRACTOR Y SE LO LLEVARON ANDANDO"},"content":{"rendered":"<p><em><strong><a href=\"http:\/\/rurallascolonias.com.ar\/?attachment_id=18002\" rel=\"attachment wp-att-18002\"><img loading=\"lazy\" class=\"aligncenter size-full wp-image-18002\" src=\"http:\/\/rurallascolonias.com.ar\/wp-content\/uploads\/2019\/09\/robo-tractor.jpg\" alt=\"\" width=\"720\" height=\"1090\" srcset=\"http:\/\/rurallascolonias.com.ar\/wp-content\/uploads\/2019\/09\/robo-tractor.jpg 720w, http:\/\/rurallascolonias.com.ar\/wp-content\/uploads\/2019\/09\/robo-tractor-198x300.jpg 198w, http:\/\/rurallascolonias.com.ar\/wp-content\/uploads\/2019\/09\/robo-tractor-676x1024.jpg 676w, http:\/\/rurallascolonias.com.ar\/wp-content\/uploads\/2019\/09\/robo-tractor-600x908.jpg 600w, http:\/\/rurallascolonias.com.ar\/wp-content\/uploads\/2019\/09\/robo-tractor-624x945.jpg 624w\" sizes=\"(max-width: 720px) 100vw, 720px\" \/><\/a>Un productor de la zona de Llambi Campbell sufri\u00f3 el robo en la madrugada del s\u00e1bado. Los ladrones se llevaron el tractor por la ruta escoltados por dos camionetas y se los habr\u00eda visto por \u00faltima vez en Colonia La Clara<\/strong><\/em><!--more--><\/p>\n<p class=\"selectionShareable\">Se multiplican los robos en la zona rural que comprende a Llamb\u00ed Campell Cabal y Emilia. La mayor\u00eda de los robos, seg\u00fan denuncian productores del lugar, ocurren durante los fines de semana, en casas deshabitadas o en momentos en que los productores salen de la vivienda y roban ropa, electrodom\u00e9sticos o dinero.<\/p>\n<p class=\"selectionShareable\">\nEl s\u00e1bado pasado le toc\u00f3 a Juan Carlos Lovato, un productor que tiene su campo a 4 kil\u00f3metros de la localidad de Llamb\u00ed Campbell, cuando ladrones ingresaron a su galp\u00f3n y robaron un tractor 5090 y un mixer Tedeschi.<\/p>\n<p class=\"selectionShareable\">\n\u201cEl \u00faltimo d\u00eda que estuvimos en el campo fue el s\u00e1bado a las 6 de la tarde que dejamos el tractor con un mixer cargado para darle de comer a un feedlot. El domingo aproximadamente a las 8.30 de la ma\u00f1ana me encuentro con la tranquera abierta, hab\u00edan cortado los candados. Levanto la vista y estaba el galp\u00f3n abierto\u201d, cont\u00f3 Lovato.<\/p>\n<p class=\"selectionShareable\">\nLo m\u00e1s llamativo del hecho es que los delincuentes se llevaron el tractor andando, haciendo paradas por distintas localidades cercanas. \u201cSalieron rumbo para Santo Domingo, donde hacen una maniobra a trav\u00e9s de un campo. Despu\u00e9s retoman por Mar\u00eda Luisa y siguen la ruta\u201d, explic\u00f3 el productor que hizo la denuncia en una comisar\u00eda de La Pelada. \u201cEstamos en comunicaci\u00f3n con Los Pumas, y los \u00faltimos datos que tenemos es que siguieron camino hacia el norte; fueron captados por c\u00e1maras de seguridad en Colonia La Clara y ya se dio el aviso a los pueblos cercanos\u201d. Adem\u00e1s, resalt\u00f3 que el tractor fue visto siempre en marcha, en ning\u00fan momento lo cargaron e iba escoltado por dos camionetas.<\/p>\n<p class=\"selectionShareable\"><strong>Se multiplican los robos<\/strong><\/p>\n<p class=\"selectionShareable\">\n<p class=\"selectionShareable\">Seg\u00fan un productor de Cabal, una localidad con no m\u00e1s de 200 habitantes, los robos se han multiplicado a lo largo del a\u00f1o en una zona que sol\u00eda ser bastante tranquila. \u201cEstamos desprotegidos. La polic\u00eda hace lo que puede, pero no dan abasto porque tienen un s\u00f3lo m\u00f3vil para cubrir tanto Emilia como Cabal\u201d.<\/p>\n<p class=\"selectionShareable\">\n<p class=\"selectionShareable\">\nEn una semana, delincuentes ingresaron en dos viviendas aprovechando que sus ocupantes no estaban. \u201cLa metodolog\u00eda es siempre la misma, esperan que el productor no esta o sali\u00f3 por un rato, ingresan y se llevan todo lo de valor que encuentren. En estos dos casos de la semana pasada, la polic\u00eda actu\u00f3 r\u00e1pido pero todav\u00eda no se encontr\u00f3 nada\u201d, se\u00f1al\u00f3.<\/p>\n<p class=\"selectionShareable\">\n<strong>Eliana Moratiel | emoratiel@ellitoral.com<\/strong><\/p>\n","protected":false},"excerpt":{"rendered":"<p>Un productor de la zona de Llambi Campbell sufri\u00f3 el robo en la madrugada del s\u00e1bado. Los ladrones se llevaron el tractor por la ruta escoltados por dos camionetas y se los habr\u00eda visto por \u00faltima vez en Colonia La Clara<\/p>\n","protected":false},"author":5,"featured_media":0,"comment_status":"open","ping_status":"open","sticky":false,"template":"","format":"standard","meta":[],"categories":[42],"tags":[830,4262],"_links":{"self":[{"href":"http:\/\/rurallascolonias.com.ar\/index.php?rest_route=\/wp\/v2\/posts\/18001"}],"collection":[{"href":"http:\/\/rurallascolonias.com.ar\/index.php?rest_route=\/wp\/v2\/posts"}],"about":[{"href":"http:\/\/rurallascolonias.com.ar\/index.php?rest_route=\/wp\/v2\/types\/post"}],"author":[{"embeddable":true,"href":"http:\/\/rurallascolonias.com.ar\/index.php?rest_route=\/wp\/v2\/users\/5"}],"replies":[{"embeddable":true,"href":"http:\/\/rurallascolonias.com.ar\/index.php?rest_route=%2Fwp%2Fv2%2Fcomments&post=18001"}],"version-history":[{"count":1,"href":"http:\/\/rurallascolonias.com.ar\/index.php?rest_route=\/wp\/v2\/posts\/18001\/revisions"}],"predecessor-version":[{"id":18003,"href":"http:\/\/rurallascolonias.com.ar\/index.php?rest_route=\/wp\/v2\/posts\/18001\/revisions\/18003"}],"wp:attachment":[{"href":"http:\/\/rurallascolonias.com.ar\/index.php?rest_route=%2Fwp%2Fv2%2Fmedia&parent=18001"}],"wp:term":[{"taxonomy":"category","embeddable":true,"href":"http:\/\/rurallascolonias.com.ar\/index.php?rest_route=%2Fwp%2Fv2%2Fcategories&post=18001"},{"taxonomy":"post_tag","embeddable":true,"href":"http:\/\/rurallascolonias.com.ar\/index.php?rest_route=%2Fwp%2Fv2%2Ftags&post=18001"}],"curies":[{"name":"wp","href":"https:\/\/api.w.org\/{rel}","templated":true}]}}