{"id":17938,"date":"2019-09-04T10:01:46","date_gmt":"2019-09-04T10:01:46","guid":{"rendered":"http:\/\/rurallascolonias.com.ar\/?p=17938"},"modified":"2019-09-04T17:05:16","modified_gmt":"2019-09-04T17:05:16","slug":"aut-designo-nuevo-presidente","status":"publish","type":"post","link":"http:\/\/rurallascolonias.com.ar\/?p=17938","title":{"rendered":"AUT DESIGN\u00d3 NUEVO PRESIDENTE"},"content":{"rendered":"<p><em><strong><a href=\"http:\/\/rurallascolonias.com.ar\/?attachment_id=17939\" rel=\"attachment wp-att-17939\"><img loading=\"lazy\" class=\"aligncenter size-full wp-image-17939\" src=\"http:\/\/rurallascolonias.com.ar\/wp-content\/uploads\/2019\/09\/AUT.jpg\" alt=\"\" width=\"1024\" height=\"679\" srcset=\"http:\/\/rurallascolonias.com.ar\/wp-content\/uploads\/2019\/09\/AUT.jpg 1024w, http:\/\/rurallascolonias.com.ar\/wp-content\/uploads\/2019\/09\/AUT-300x199.jpg 300w, http:\/\/rurallascolonias.com.ar\/wp-content\/uploads\/2019\/09\/AUT-768x509.jpg 768w, http:\/\/rurallascolonias.com.ar\/wp-content\/uploads\/2019\/09\/AUT-600x398.jpg 600w, http:\/\/rurallascolonias.com.ar\/wp-content\/uploads\/2019\/09\/AUT-624x414.jpg 624w\" sizes=\"(max-width: 1024px) 100vw, 1024px\" \/><\/a>Luis Zurverra asumi\u00f3 al frente de Asociaci\u00f3n Uni\u00f3n Tamberos, hist\u00f3rica cooperativa con sede en Franck que se apresta a cumplir 94 a\u00f1os de vida. Tambi\u00e9n se aprob\u00f3 Memoria y Balance de un ejercicio complicado por la macroeconom\u00eda<\/strong><\/em><!--more--><\/p>\n<p class=\"selectionShareable\">Luis Zurverra, productor lechero de la zona de Esperanza, es desde el pasado viernes 30 de agosto el nuevo presidente de la Asociaci\u00f3n Uni\u00f3n Tamberos (AUT), una de las primeras cooperativas que surgi\u00f3 en la cuenca central santafesina, que el pr\u00f3ximo 9 de octubre cumplir\u00e1 94 a\u00f1os.<\/p>\n<p class=\"selectionShareable\">\n<p class=\"selectionShareable\">De la Asamblea General Ordinaria que design\u00f3 al sucesor de Javier De La Pe\u00f1a, quien presid\u00eda la instituci\u00f3n, participaron productores asociados, quienes aprobaron por unanimidad la Memoria y Balance de la entidad correspondiente al ejercicio 2018\/19. Adem\u00e1s se renov\u00f3 parcialmente el Consejo de Administraci\u00f3n.<\/p>\n<p class=\"selectionShareable\">\n<p class=\"selectionShareable\">El evento tuvo lugar en el camping de la Cooperativa en Franck. All\u00ed se inform\u00f3 sobre la gesti\u00f3n realizada en el ejercicio econ\u00f3mico comprendido entre mayo 2018 hasta abril 2019, donde se resaltaron las dificultades que hubo que sortear debido a los continuos sobresaltos derivados de la dif\u00edcil situaci\u00f3n econ\u00f3mica que viene atravesando el pa\u00eds: alto \u00edndice de inflaci\u00f3n, constantes devaluaciones de la moneda nacional y elevadas tasas de inter\u00e9s, \u201cconstituyendo un combo explosivo que atenta contra las actividades productivas\u201d.<\/p>\n<p class=\"selectionShareable\">\n<p class=\"selectionShareable\">Frente a este escenario complejo, la cooperativa se vio obligada a tomar importantes medidas, como fueron implementar \u201cel sistema de facturaci\u00f3n en d\u00f3lares, facturaci\u00f3n con d\u00f3lar abierto para los insumos que se venden en cuotas, exigir la entrega de cheques para pesificar en el caso de los productores que no descuentan por leche\u201d, entre otros.<\/p>\n<p class=\"selectionShareable\">\n<p class=\"selectionShareable\">A pesar de todas las complejidades, AUT cerr\u00f3 el ejercicio \u201cfortalecida no solo en su estado econ\u00f3mico y financiero, sino que tambi\u00e9n en el institucional\u201d. Lo econ\u00f3mico se refleja en su s\u00f3lida situaci\u00f3n Patrimonial, en haber sostenido el volumen de ventas y mejorando sustancialmente el resultado operativo de las distintas actividades que desarrolla. En el aspecto institucional se llev\u00f3 adelante una intensa actividad en los distintos estamentos, integrando las comisiones de Lecher\u00eda Santafesina, las COPROSAS, CODETEA, Junta Intercooperativa de Productores de Leche entre otras. En el \u00e1mbito nacional, Asociaci\u00f3n Uni\u00f3n Tamberos volvi\u00f3 a ocupar un rol relevante, a tal punto que Franck se convirti\u00f3 en sede de las reuniones de CONINAGRO Lecher\u00eda, adem\u00e1s el presidente de la Cooperativa representa a la JIPL y a CONINAGRO en la Mesa de Competitividad L\u00e1ctea y en el FUNPEL.<\/p>\n<p class=\"selectionShareable\">\n<p class=\"selectionShareable\">Luego de una detallada exposici\u00f3n donde se present\u00f3 y abri\u00f3 cada uno de los \u00edtems del orden del d\u00eda, as\u00ed como tambi\u00e9n la gesti\u00f3n realizada en Milkaut del NOA (AUT es propietaria del 50%), los asamble\u00edstas aprobaron sin objeciones la Memoria y Balance.<\/p>\n<p class=\"selectionShareable\">\n<p class=\"selectionShareable\">Uno de los puntos m\u00e1s importantes de la jornada fue la renovaci\u00f3n de miembros del Consejo de Administraci\u00f3n y de su Presidente, Javier De La Pe\u00f1a. A partir del nuevo ejercicio, la presidencia recay\u00f3 sobre el asociado Luis Zurverra, en tanto que ingresaron al Consejo los productores Fabi\u00e1n Brun\u00e1s y Hugo Braida. Por su parte, renovaron su mandato: Hugo Stechina, Aldo Stirnemann y Roberto Albrecht. Mientras que Edward Maibel Bar qued\u00f3 como s\u00edndico titular (en lugar de Angelita Hessel) y V\u00edctor Amweg como s\u00edndico suplente.<\/p>\n<p class=\"selectionShareable\"><strong>Campolitoral\u00a0<\/strong>| campo@ellitoral.com<\/p>\n<p class=\"selectionShareable\">Foto: Gentileza El Litoral<\/p>\n","protected":false},"excerpt":{"rendered":"<p>Luis Zurverra asumi\u00f3 al frente de Asociaci\u00f3n Uni\u00f3n Tamberos, hist\u00f3rica cooperativa con sede en Franck que se apresta a cumplir 94 a\u00f1os de vida. Tambi\u00e9n se aprob\u00f3 Memoria y Balance de un ejercicio complicado por la macroeconom\u00eda<\/p>\n","protected":false},"author":5,"featured_media":0,"comment_status":"open","ping_status":"open","sticky":false,"template":"","format":"standard","meta":[],"categories":[42],"tags":[4250,4251],"_links":{"self":[{"href":"http:\/\/rurallascolonias.com.ar\/index.php?rest_route=\/wp\/v2\/posts\/17938"}],"collection":[{"href":"http:\/\/rurallascolonias.com.ar\/index.php?rest_route=\/wp\/v2\/posts"}],"about":[{"href":"http:\/\/rurallascolonias.com.ar\/index.php?rest_route=\/wp\/v2\/types\/post"}],"author":[{"embeddable":true,"href":"http:\/\/rurallascolonias.com.ar\/index.php?rest_route=\/wp\/v2\/users\/5"}],"replies":[{"embeddable":true,"href":"http:\/\/rurallascolonias.com.ar\/index.php?rest_route=%2Fwp%2Fv2%2Fcomments&post=17938"}],"version-history":[{"count":1,"href":"http:\/\/rurallascolonias.com.ar\/index.php?rest_route=\/wp\/v2\/posts\/17938\/revisions"}],"predecessor-version":[{"id":17940,"href":"http:\/\/rurallascolonias.com.ar\/index.php?rest_route=\/wp\/v2\/posts\/17938\/revisions\/17940"}],"wp:attachment":[{"href":"http:\/\/rurallascolonias.com.ar\/index.php?rest_route=%2Fwp%2Fv2%2Fmedia&parent=17938"}],"wp:term":[{"taxonomy":"category","embeddable":true,"href":"http:\/\/rurallascolonias.com.ar\/index.php?rest_route=%2Fwp%2Fv2%2Fcategories&post=17938"},{"taxonomy":"post_tag","embeddable":true,"href":"http:\/\/rurallascolonias.com.ar\/index.php?rest_route=%2Fwp%2Fv2%2Ftags&post=17938"}],"curies":[{"name":"wp","href":"https:\/\/api.w.org\/{rel}","templated":true}]}}