{"id":17932,"date":"2019-09-04T16:56:02","date_gmt":"2019-09-04T16:56:02","guid":{"rendered":"http:\/\/rurallascolonias.com.ar\/?p=17932"},"modified":"2019-09-04T16:56:02","modified_gmt":"2019-09-04T16:56:02","slug":"que-no-se-sorprenda-el-gobierno-si-el-campo-vota-otra-cosa-porque-la-gestion-de-lecheria-no-da-para-mas","status":"publish","type":"post","link":"http:\/\/rurallascolonias.com.ar\/?p=17932","title":{"rendered":"\u201cQUE NO SE SORPRENDA EL GOBIERNO SI EL CAMPO VOTA OTRA COSA, PORQUE LA GESTI\u00d3N DE LECHER\u00cdA NO DA PARA M\u00c1S\u201d"},"content":{"rendered":"<p><em><strong><a href=\"http:\/\/rurallascolonias.com.ar\/?attachment_id=17933\" rel=\"attachment wp-att-17933\"><img loading=\"lazy\" class=\"aligncenter size-full wp-image-17933\" src=\"http:\/\/rurallascolonias.com.ar\/wp-content\/uploads\/2019\/09\/Chemes.png\" alt=\"\" width=\"819\" height=\"545\" srcset=\"http:\/\/rurallascolonias.com.ar\/wp-content\/uploads\/2019\/09\/Chemes.png 819w, http:\/\/rurallascolonias.com.ar\/wp-content\/uploads\/2019\/09\/Chemes-300x200.png 300w, http:\/\/rurallascolonias.com.ar\/wp-content\/uploads\/2019\/09\/Chemes-768x511.png 768w, http:\/\/rurallascolonias.com.ar\/wp-content\/uploads\/2019\/09\/Chemes-600x399.png 600w, http:\/\/rurallascolonias.com.ar\/wp-content\/uploads\/2019\/09\/Chemes-624x415.png 624w\" sizes=\"(max-width: 819px) 100vw, 819px\" \/><\/a>Jorge Chemes, vicepresidente de CRA<\/strong><\/em><!--more--><\/p>\n<p>La nueva devaluaci\u00f3n dejo una vez m\u00e1s a la actividad de la lecher\u00eda en quebranto. M\u00e1s all\u00e1 que el precio que vino recibiendo el tambero fue mejorando, \u00e9ste sigue sin poder cubrir los costos de producci\u00f3n. As\u00ed lo se\u00f1ala el vicepresidente de Confederaciones Rurales Argentinas (CRA), Jorge Chemes, que fue duro con la actual gesti\u00f3n de Agroindustria a la que critic\u00f3 por la falta de una pol\u00edtica para con el sector. El productor alerta que si un nuevo gobierno no otorga incentivos a la actividad, habr\u00e1 que importar leche.<\/p>\n<p>\u2014Hace poco el director de lecher\u00eda, Alejandro Sammartino, sostuvo que la relaci\u00f3n leche\/ma\u00edz no est\u00e1 mal y asegur\u00f3 que al productor tambero no le preocupa la devaluaci\u00f3n. \u00bfEs verdad?<br \/>\n\u2014No entiendo donde est\u00e1 lo que dice Sammmartino que los tambos est\u00e1n mejor. Son todas mentiras.<\/p>\n<p>\u2014\u00bfLes preocupa el tipo de cambio?<br \/>\n\u2014Claro. Hay que recordar que el precio de los granos se mueve al ritmo del d\u00f3lar y nuestros costos y producci\u00f3n est\u00e1n en pesos, pero adem\u00e1s con el agravante de que hoy las industrias ya est\u00e1n diciendo que necesitan retrotrater los precios al mes de junio para poder exportar y ser competitivos, con lo cual esa f\u00f3rmula es letal para nosotros y es la antesala de que volvemos a entrar en una crisis profunda.<\/p>\n<p>\u2014\u00bfPero no ven\u00eda mejorando el precio que recib\u00edan?<br \/>\n\u2014Estuvimos en un mini-veranito el cual empez\u00f3 en octubre de 2018 y se termin\u00f3 en julio pasado. El precio al productor se fue frenando porque cay\u00f3 el 18% el consumo interno, las exportaciones no aumentaron a pesar de lo que digan y desde ya por la devaluaci\u00f3n.<\/p>\n<p>\u2014\u00bfQue balance hace de la actual gesti\u00f3n?<br \/>\n\u2014Negativa. Adem\u00e1s de la desaparici\u00f3n de tambos, los que hemos sobrevivido estamos en un profundo quebranto, no tenemos mecanismos de financiaci\u00f3n por las altas tasas ya conocidas por todos. Los m\u00e1rgenes no daban para que poder pagar la deuda que arrastramos y poder crecer, en pocas palabras lo que se busc\u00f3 fue s\u00f3lo achicar deuda. A lo mucho el que pudo pag\u00f3 entre un 20% y 30% su deuda, a partir de ah\u00ed no se pudo hacer nada.<\/p>\n<p>\u2014Pero \u00bfY los subsidios que hubo a comienzo de la gesti\u00f3n?<br \/>\n\u2014Al principio este Gobierno tuvo que salir a subsidiar porque la situaci\u00f3n era m\u00e1s grave que la de ahora, pero adem\u00e1s porque ten\u00eda otras perspectivas de lo que pod\u00eda pasar con la leche. Los cr\u00e9ditos que hab\u00eda en ese momento nunca fueron para tambos, ya que si entrabas a un banco te daban vuelta la cara porque el negocio no era rentable. En pocas palabras, no hay pol\u00edtica de Estado para la lecher\u00eda, nunca lo hubo por m\u00e1s que lo discutan que me muestren cu\u00e1l es, no hay ni una.<\/p>\n<p>\u2014\u00bfY cu\u00e1l cree que hubiese sido la mejor medida?<br \/>\n\u2014Ellos nunca quisieron intervenir porque dec\u00edan que era un negocio entre privados, pero podr\u00edan al menos haber tratado de acordar un equilibrio entre industria y producci\u00f3n para ver si se pod\u00eda llegar a un acuerdo de precios o algo parecido, y por supuesto haber lanzado l\u00edneas de cr\u00e9dito especial a valor producto, es decir si se tomaba un cr\u00e9dito de $100.000 y eso equival\u00eda hasta tantos litros de leche entonces vos sab\u00edas cuantos litros deb\u00edas, si hubiesen hecho eso, se crec\u00eda.<\/p>\n<p>\u2014\u00bfTiene algo positivo para destacar?<br \/>\n\u2014La mesa de competitividad sirvi\u00f3 para poner al d\u00eda con algunas noticias y tratar de ver cu\u00e1l era la situaci\u00f3n lechera de la mano del Sistema Integrado de Gesti\u00f3n de la Lecher\u00eda Argentina (Siglea) y nada m\u00e1s.<\/p>\n<p>\u2014\u00bfNo ayudo el Siglea ( Sistema Integrado de Gesti\u00f3n de la Lecher\u00eda Argentina)?<br \/>\n\u2014Ayud\u00f3 a generar informaci\u00f3n que nunca hab\u00eda existido, pero te muestra lo que pas\u00f3 antes, no te da una referencia hacia adelante. Esto ayudar\u00eda a planificar cu\u00e1nto podes cobrar en un par de meses.<\/p>\n<p>\u2014\u00bfLa actual gesti\u00f3n es mejor o peor que la del kirchnerismo?<br \/>\n\u2014No hubo diferencias entre las dos. Esta gesti\u00f3n intent\u00f3 ser mejor, el problema es que la inestabilidad de la inflaci\u00f3n y las devaluaciones atentaron ante la recuperaci\u00f3n. En la administraci\u00f3n anterior al menos hubo estabilidad, sin dejar de olvidar que con la intervenci\u00f3n que hab\u00eda en los mercados de granos, los insumos se manten\u00edan baratos y eso ayud\u00f3 a a los tambos.<\/p>\n<p>\u2014\u00bfCree que por todo esto campo le dio la espalda al Gobierno?<br \/>\n\u2014A mi no me extra\u00f1ar\u00eda que dentro del sector lechero haya gente que est\u00e1 muy enojada o desilusionada con este Gobierno, porque la sensaci\u00f3n que tuvimos es que se agrav\u00f3 la crisis que se ven\u00eda arrastrando.<\/p>\n<p>\u2014\u00bfC\u00f3mo ve el voto en octubre?<br \/>\n\u2014Que no se sorprenda el Gobierno si el campo vota otra cosa porque la gesti\u00f3n de lecher\u00eda no da para m\u00e1s. Es un voto bronca.<\/p>\n<p>\u2014CRA siempre impuls\u00f3 el reordenamiento de la cadena. \u00bfSiente que se quedaron s\u00f3los?<br \/>\n\u2014CRA estuvo sola porque el resto de las dem\u00e1s entidades no terminaron de entender el plan nuestro de institucionalizar el mercado. Tambi\u00e9n hay muchas entidades que se sentaron en la mesa y no acompa\u00f1aron porque no les conven\u00eda, dado que ten\u00edan diferentes objetivos.<\/p>\n<p>\u2014\u00bfCay\u00f3 la producci\u00f3n?<br \/>\n\u2014No. Hoy estamos estacando en 10.000 millones de litros producidos por a\u00f1o, pero si se siguen cerrando tambos vamos a pasar a 7 o 8 mil millones de litros. En este escenario se a va a tener que importar.<\/p>\n<p>\u2014\u00bfQu\u00e9 pol\u00edticas esperan de haber un nuevo Gobierno?<br \/>\n\u2014Espero que se pueda continuar con las mesas de competitividad dado que si se encaran en forma diferente son positivas, y desde ya pensar en dar incentivos para el crecimiento del sector porque si seguimos como hasta ahora vamos a tener menos leche.<\/p>\n<p><span class=\"color-blue\">Por\u00a0<\/span><b>Merino Soto<\/b>\u00a0<span class=\"color-blue\">Fuente\u00a0<\/span><b><a href=\"https:\/\/www.baenegocios.com\/suplementos\/Que-no-se-sorprenda-el-Gobierno-si-el-campo-vota-otra-cosa-porque-la-gestion-de-lecheria-no-da-para-mas-20190901-0054.html\" target=\"_blank\" rel=\"noopener noreferrer\">BAE Negocios<\/a><\/b><\/p>\n","protected":false},"excerpt":{"rendered":"<p>Jorge Chemes, vicepresidente de CRA<\/p>\n","protected":false},"author":5,"featured_media":0,"comment_status":"open","ping_status":"open","sticky":false,"template":"","format":"standard","meta":[],"categories":[46],"tags":[95,176,11],"_links":{"self":[{"href":"http:\/\/rurallascolonias.com.ar\/index.php?rest_route=\/wp\/v2\/posts\/17932"}],"collection":[{"href":"http:\/\/rurallascolonias.com.ar\/index.php?rest_route=\/wp\/v2\/posts"}],"about":[{"href":"http:\/\/rurallascolonias.com.ar\/index.php?rest_route=\/wp\/v2\/types\/post"}],"author":[{"embeddable":true,"href":"http:\/\/rurallascolonias.com.ar\/index.php?rest_route=\/wp\/v2\/users\/5"}],"replies":[{"embeddable":true,"href":"http:\/\/rurallascolonias.com.ar\/index.php?rest_route=%2Fwp%2Fv2%2Fcomments&post=17932"}],"version-history":[{"count":1,"href":"http:\/\/rurallascolonias.com.ar\/index.php?rest_route=\/wp\/v2\/posts\/17932\/revisions"}],"predecessor-version":[{"id":17934,"href":"http:\/\/rurallascolonias.com.ar\/index.php?rest_route=\/wp\/v2\/posts\/17932\/revisions\/17934"}],"wp:attachment":[{"href":"http:\/\/rurallascolonias.com.ar\/index.php?rest_route=%2Fwp%2Fv2%2Fmedia&parent=17932"}],"wp:term":[{"taxonomy":"category","embeddable":true,"href":"http:\/\/rurallascolonias.com.ar\/index.php?rest_route=%2Fwp%2Fv2%2Fcategories&post=17932"},{"taxonomy":"post_tag","embeddable":true,"href":"http:\/\/rurallascolonias.com.ar\/index.php?rest_route=%2Fwp%2Fv2%2Ftags&post=17932"}],"curies":[{"name":"wp","href":"https:\/\/api.w.org\/{rel}","templated":true}]}}