{"id":17796,"date":"2019-08-02T17:45:05","date_gmt":"2019-08-02T17:45:05","guid":{"rendered":"http:\/\/rurallascolonias.com.ar\/?p=17796"},"modified":"2019-08-02T17:45:05","modified_gmt":"2019-08-02T17:45:05","slug":"tamberos-santafesinos-bancan-el-siglea-mas-alla-de-este-gobierno","status":"publish","type":"post","link":"http:\/\/rurallascolonias.com.ar\/?p=17796","title":{"rendered":"TAMBEROS SANTAFESINOS BANCAN EL SIGLEA, M\u00c1S ALL\u00c1 DE ESTE GOBIERNO"},"content":{"rendered":"<p><em><strong><a href=\"http:\/\/rurallascolonias.com.ar\/?attachment_id=17797\" rel=\"attachment wp-att-17797\"><img loading=\"lazy\" class=\"aligncenter size-full wp-image-17797\" src=\"http:\/\/rurallascolonias.com.ar\/wp-content\/uploads\/2019\/08\/tamberos-santafesinos.jpg\" alt=\"\" width=\"275\" height=\"183\" \/><\/a>Fue uno de los planteos que hicieron en la Mesa de Competitividad Lechera que se reuni\u00f3 en Palermo. La industria dijo estar preocupada por la acuerdo Mercosur-UE. Rafaela ser\u00eda sede del pr\u00f3ximo encuentro y asistir\u00eda el Presidente de la Naci\u00f3n<\/strong><\/em><!--more--><\/p>\n<p>A pesar de la desaz\u00f3n que caus\u00f3 entre los dirigentes lecheros santafesinos haber recorrido 800 kil\u00f3metros en un d\u00eda para una reuni\u00f3n de poco m\u00e1s de una hora, el titular de MeProLSaFe (Mesa de Productores Lecheros de Santa Fe) Fernando C\u00f3rdoba analiz\u00f3 los temas tratados en el encuentro de la Mesa de Competitividad Lechera en Palermo.<\/p>\n<p>Si bien los ejes fueron las misiones comerciales al exterior y la implementaci\u00f3n de una plataforma digital donde se expondr\u00e1n los productos nacionales para exportar y el listado de empresas proveedoras, el dirigente revel\u00f3 que \u201cse toc\u00f3 muy por arriba una pr\u00f3xima reuni\u00f3n, casi seguro en la ciudad de Rafaela, donde va a estar el presidente Macri\u201d. Al respecto, dese\u00f3 que este quinto c\u00f3nclave -desde la creaci\u00f3n de la Mesa en diciembre de 2017- \u201crinda frutos, porque \u00faltimamente los avances han sido muy pocos\u201d.<\/p>\n<p>Ser\u00eda \u201ca fines de agosto o principios de septiembre\u201d, dijo, pero aclar\u00f3 que antes habr\u00e1 otro encuentro para hablar en profundidad sobre el acuerdo Mercosur-UE ya que \u201chay gran preocupaci\u00f3n por parte de la industria\u201d. En tal sentido, relat\u00f3 que mientras los europeos subsidian a su producci\u00f3n \u201cnosotros la castigamos\u201d; adem\u00e1s de desventajas en infraestructura o financiamiento para el sector. \u201cHasta que no se regularice la situaci\u00f3n macroecon\u00f3mica estamos en desventaja y hay que tener mucho cuidado con eso\u201d, evalu\u00f3.<\/p>\n<p>C\u00f3rdoba indic\u00f3 que tambi\u00e9n \u201cse pidi\u00f3 que se refuerce el Siglea (Sistema Integrado de Gesti\u00f3n de la Lecher\u00eda Argentina), para que trascienda m\u00e1s all\u00e1 de esta gesti\u00f3n; si cambia el gobierno que no se pierda lo hecho hasta ahora\u201d. La misma solicitud se plante\u00f3 sobre la continuidad de la Mesa sectorial. \u201cComo para seguir teniendo un futuro y una visi\u00f3n m\u00e1s de negocio\u201d, agreg\u00f3.<\/p>\n<p>Sobre este sistema estad\u00edstico, que al igual que la gesti\u00f3n de Sammartino cosecha cr\u00edticas entre algunos dirigentes lecheros, consider\u00f3 que \u201ces una herramienta m\u00e1s\u201d y consiste en \u201cun precio hist\u00f3rico, porque te da informaci\u00f3n que ya se produjo\u201d. De todos modos manifest\u00f3 que \u201cte sirve para negociar\u201d la venta de materia prima a la industria en base a ese dato. Del mismo modo permite interpretar la situaci\u00f3n del sector industrial, en base al uso de capacidad instalada.<\/p>\n<p>\u201cHay que complementarlo con el pago por calidad\u201d, indic\u00f3, que es un objetivo \u201cpor m\u00e1s que la industria argumente hoy que la mayor\u00eda de los tambos est\u00e1 fuera de rango\u201d. C\u00f3rdoba admiti\u00f3 que existe el problema, pero es el camino si se pretende \u201cuna lecher\u00eda en serio\u201d. Por eso opin\u00f3: \u201chay que darle el tiempo y la oportunidad al productor para que se adecue; no puede ser de un d\u00eda para el otro, pero en alg\u00fan momento hay que empezar si queremos tener una lecher\u00eda seria y de exportaci\u00f3n\u201d. Lo contrario ser\u00eda conformarse con el mercado interno \u201csin posibilidad de crecer\u201d.<\/p>\n<p>Al margen del contenido del encuentro, el titular de MeProLSaFe se mostr\u00f3 inc\u00f3modo con la convocatoria. \u201cLa verdad que haber hecho ocho horas entre ida y vuelta hasta Buenos Aires para una reuni\u00f3n de una hora y cuarto no se si decirle vergonzoso, pero un poco de bronca te tra\u00e9s por haber invertido tanto tiempo para tan poca respuesta\u201d.<\/p>\n<p>De la reuni\u00f3n en Buenos Aires, que encabezaron el Director de Lecher\u00eda Alejandro Sammartino y el Jefe de Gabinete de Agroindustria Santiago Del Solar el pasado martes 30 de julio, participaron el CIL (Centro de la Industria L\u00e1ctea), todas las entidades lecheras del pa\u00eds (excepto CaProLeC, de C\u00f3rdoba) y funcionarios provinciales, entre ellos la Ministra de la Producci\u00f3n de Santa Fe Alicia Ciciliani y el Secretario de Ganader\u00eda, Lecher\u00eda y Recursos Naturales Roberto Ti\u00f3n.<\/p>\n<p><span class=\"color-blue\">Por\u00a0<\/span><b>Juan Manuel Fern\u00e1ndez<\/b>\u00a0<span class=\"color-blue\">Fuente\u00a0<\/span><b><a href=\"https:\/\/www.campolitoral.com.ar\/?m=interior&amp;id_um=203911-tamberos-santafesinos-bancan-el-siglea-mas-alla-de-este-gobierno-lecheria-campolitoral.html\" target=\"_blank\" rel=\"noopener noreferrer\">CampoLitoral<\/a><\/b><\/p>\n","protected":false},"excerpt":{"rendered":"<p>Fue uno de los planteos que hicieron en la Mesa de Competitividad Lechera que se reuni\u00f3 en Palermo. La industria dijo estar preocupada por la acuerdo Mercosur-UE. Rafaela ser\u00eda sede del pr\u00f3ximo encuentro y asistir\u00eda el Presidente de la Naci\u00f3n<\/p>\n","protected":false},"author":5,"featured_media":0,"comment_status":"open","ping_status":"open","sticky":false,"template":"","format":"standard","meta":[],"categories":[46,33,1393],"tags":[176,3347,2990],"_links":{"self":[{"href":"http:\/\/rurallascolonias.com.ar\/index.php?rest_route=\/wp\/v2\/posts\/17796"}],"collection":[{"href":"http:\/\/rurallascolonias.com.ar\/index.php?rest_route=\/wp\/v2\/posts"}],"about":[{"href":"http:\/\/rurallascolonias.com.ar\/index.php?rest_route=\/wp\/v2\/types\/post"}],"author":[{"embeddable":true,"href":"http:\/\/rurallascolonias.com.ar\/index.php?rest_route=\/wp\/v2\/users\/5"}],"replies":[{"embeddable":true,"href":"http:\/\/rurallascolonias.com.ar\/index.php?rest_route=%2Fwp%2Fv2%2Fcomments&post=17796"}],"version-history":[{"count":1,"href":"http:\/\/rurallascolonias.com.ar\/index.php?rest_route=\/wp\/v2\/posts\/17796\/revisions"}],"predecessor-version":[{"id":17798,"href":"http:\/\/rurallascolonias.com.ar\/index.php?rest_route=\/wp\/v2\/posts\/17796\/revisions\/17798"}],"wp:attachment":[{"href":"http:\/\/rurallascolonias.com.ar\/index.php?rest_route=%2Fwp%2Fv2%2Fmedia&parent=17796"}],"wp:term":[{"taxonomy":"category","embeddable":true,"href":"http:\/\/rurallascolonias.com.ar\/index.php?rest_route=%2Fwp%2Fv2%2Fcategories&post=17796"},{"taxonomy":"post_tag","embeddable":true,"href":"http:\/\/rurallascolonias.com.ar\/index.php?rest_route=%2Fwp%2Fv2%2Ftags&post=17796"}],"curies":[{"name":"wp","href":"https:\/\/api.w.org\/{rel}","templated":true}]}}