{"id":17786,"date":"2019-07-30T16:31:56","date_gmt":"2019-07-30T16:31:56","guid":{"rendered":"http:\/\/rurallascolonias.com.ar\/?p=17786"},"modified":"2019-07-30T16:31:56","modified_gmt":"2019-07-30T16:31:56","slug":"pronostico-trimestral-lluvias-y-temperaturas-superiores-a-las-normales","status":"publish","type":"post","link":"http:\/\/rurallascolonias.com.ar\/?p=17786","title":{"rendered":"PRON\u00d3STICO TRIMESTRAL: LLUVIAS Y TEMPERATURAS SUPERIORES A LAS NORMALES"},"content":{"rendered":"<p><em><strong><a href=\"http:\/\/rurallascolonias.com.ar\/?attachment_id=6158\" rel=\"attachment wp-att-6158\"><img loading=\"lazy\" class=\"aligncenter size-full wp-image-6158\" src=\"http:\/\/rurallascolonias.com.ar\/wp-content\/uploads\/2015\/03\/lluvias.png\" alt=\"\" width=\"300\" height=\"168\" \/><\/a>As\u00ed lo indica para la regi\u00f3n Litoral en el per\u00edodo agosto-septiembre-octubre la \u00faltima estimaci\u00f3n del Servicio Meteorol\u00f3gico Nacional. El Ni\u00f1o se encuentra d\u00e9bil y dar\u00eda paso a una fase neutra<\/strong><\/em><!--more--><\/p>\n<p><a href=\"http:\/\/rurallascolonias.com.ar\/?attachment_id=17787\" rel=\"attachment wp-att-17787\"><img loading=\"lazy\" class=\"aligncenter size-full wp-image-17787\" src=\"http:\/\/rurallascolonias.com.ar\/wp-content\/uploads\/2019\/07\/pronosticoagosetoct.jpg\" alt=\"\" width=\"1024\" height=\"646\" srcset=\"http:\/\/rurallascolonias.com.ar\/wp-content\/uploads\/2019\/07\/pronosticoagosetoct.jpg 1024w, http:\/\/rurallascolonias.com.ar\/wp-content\/uploads\/2019\/07\/pronosticoagosetoct-300x189.jpg 300w, http:\/\/rurallascolonias.com.ar\/wp-content\/uploads\/2019\/07\/pronosticoagosetoct-768x485.jpg 768w, http:\/\/rurallascolonias.com.ar\/wp-content\/uploads\/2019\/07\/pronosticoagosetoct-600x379.jpg 600w, http:\/\/rurallascolonias.com.ar\/wp-content\/uploads\/2019\/07\/pronosticoagosetoct-624x394.jpg 624w\" sizes=\"(max-width: 1024px) 100vw, 1024px\" \/><\/a><\/p>\n<p class=\"selectionShareable\">El \u00faltimo pron\u00f3stico trimestral del Servicio Meteorol\u00f3gico Nacional estim\u00f3 para los meses de agosto, septiembre y octubre lluvias y temperaturas superiores a las normales en una amplia regi\u00f3n que abarca toda la provincia de Santa Fe.<\/p>\n<p class=\"selectionShareable\">\n<p class=\"selectionShareable\">El trabajo, difundido el 26 de julio, indica que el fen\u00f3meno El Ni\u00f1o tiene una intensidad d\u00e9bil, con 62% de probabilidad de transici\u00f3n a fase neutral en el trimestre agosto-septiembre-octubre.<\/p>\n<p class=\"selectionShareable\">\n<p class=\"selectionShareable\">Sobre las lluvias para los pr\u00f3ximos tres meses, indica que se espera mayor chance de lluvias superiores a las normales sobre la regi\u00f3n del Litoral, centro del pa\u00eds y provincia de Buenos Aires. Precipitaciones dentro del rango normal se prev\u00e9 con mayor chance sobre Chaco, Formosa, Santiago del Estero, Tucum\u00e1n, este de Jujuy y Salta y este de Catamarca. Mayor probabilidad de precipitaciones menores a las normales en oeste de cuyo y oeste de Patagonia. Sobre el oeste de la regi\u00f3n del NOA y norte de Cuyo no se suministra pron\u00f3stico por ser Estaci\u00f3n Seca. En el resto del pa\u00eds: Climatolog\u00eda (registros equivalentes a la media hist\u00f3rica).<\/p>\n<p class=\"selectionShareable\">\n<p class=\"selectionShareable\">El organismo nacional aclar\u00f3 que \u201cno se descarta la ocurrencia de eventos de precipitaci\u00f3n localmente m\u00e1s intensa que lo normal sobre el noreste y centro-este del pa\u00eds durante el transcurso del pr\u00f3ximo trimestre\u201d. Por lo que recomienda \u201csiempre consultar las actualizaciones de los pron\u00f3sticos a m\u00e1s corto plazo\u201d.<\/p>\n<p class=\"selectionShareable\">\n<p class=\"selectionShareable\">Respecto de las temperaturas, se espera mayor chance de ocurrencia de temperaturas superiores a las normales sobre Misiones, NOA, regi\u00f3n de Cuyo, La Pampa, norte y centro de Patagonia. Entre normal o superior a la normal sobre el Litoral, Buenos Aires, parte de Salta, Tucum\u00e1n y centro del pa\u00eds. Sobre el norte del pa\u00eds, parte de Formosa, Chaco, este de Salta se prev\u00e9 mayor probabilidad de temperaturas dentro del rango inferior a lo normal. Se esperan temperaturas en el rango normal sobre el sur de Patagonia.<\/p>\n<p class=\"selectionShareable\"><strong>Fuente: Campolitoral\u00a0<\/strong><\/p>\n<p class=\"selectionShareable\">\n<p class=\"selectionShareable\">Del mismo modo que con las lluvias, sobre las temperaturas se aclar\u00f3 que \u201cno se descarta, en el comienzo del trimestre, la ocurrencia de irrupciones de aire polar que provoquen per\u00edodos an\u00f3malamente fr\u00edos en el centro y norte del pa\u00eds\u201d.<\/p>\n","protected":false},"excerpt":{"rendered":"<p>As\u00ed lo indica para la regi\u00f3n Litoral en el per\u00edodo agosto-septiembre-octubre la \u00faltima estimaci\u00f3n del Servicio Meteorol\u00f3gico Nacional. El Ni\u00f1o se encuentra d\u00e9bil y dar\u00eda paso a una fase neutra<\/p>\n","protected":false},"author":5,"featured_media":0,"comment_status":"open","ping_status":"open","sticky":false,"template":"","format":"standard","meta":[],"categories":[40],"tags":[45,19,41],"_links":{"self":[{"href":"http:\/\/rurallascolonias.com.ar\/index.php?rest_route=\/wp\/v2\/posts\/17786"}],"collection":[{"href":"http:\/\/rurallascolonias.com.ar\/index.php?rest_route=\/wp\/v2\/posts"}],"about":[{"href":"http:\/\/rurallascolonias.com.ar\/index.php?rest_route=\/wp\/v2\/types\/post"}],"author":[{"embeddable":true,"href":"http:\/\/rurallascolonias.com.ar\/index.php?rest_route=\/wp\/v2\/users\/5"}],"replies":[{"embeddable":true,"href":"http:\/\/rurallascolonias.com.ar\/index.php?rest_route=%2Fwp%2Fv2%2Fcomments&post=17786"}],"version-history":[{"count":1,"href":"http:\/\/rurallascolonias.com.ar\/index.php?rest_route=\/wp\/v2\/posts\/17786\/revisions"}],"predecessor-version":[{"id":17788,"href":"http:\/\/rurallascolonias.com.ar\/index.php?rest_route=\/wp\/v2\/posts\/17786\/revisions\/17788"}],"wp:attachment":[{"href":"http:\/\/rurallascolonias.com.ar\/index.php?rest_route=%2Fwp%2Fv2%2Fmedia&parent=17786"}],"wp:term":[{"taxonomy":"category","embeddable":true,"href":"http:\/\/rurallascolonias.com.ar\/index.php?rest_route=%2Fwp%2Fv2%2Fcategories&post=17786"},{"taxonomy":"post_tag","embeddable":true,"href":"http:\/\/rurallascolonias.com.ar\/index.php?rest_route=%2Fwp%2Fv2%2Ftags&post=17786"}],"curies":[{"name":"wp","href":"https:\/\/api.w.org\/{rel}","templated":true}]}}