{"id":1776,"date":"2014-03-18T16:43:29","date_gmt":"2014-03-18T16:43:29","guid":{"rendered":"http:\/\/rurallascolonias.com.ar\/?p=1776"},"modified":"2014-03-18T16:43:29","modified_gmt":"2014-03-18T16:43:29","slug":"preven-un-periodo-con-tiempo-seco","status":"publish","type":"post","link":"http:\/\/rurallascolonias.com.ar\/?p=1776","title":{"rendered":"PREV\u00c9N UN PER\u00cdODO CON TIEMPO SECO"},"content":{"rendered":"<p><em><a href=\"http:\/\/rurallascolonias.com.ar\/wp-content\/uploads\/2014\/03\/tiempo-seco.jpg\"><img loading=\"lazy\" class=\"aligncenter size-full wp-image-1777\" alt=\"tiempo seco\" src=\"http:\/\/rurallascolonias.com.ar\/wp-content\/uploads\/2014\/03\/tiempo-seco.jpg\" width=\"259\" height=\"194\" \/><\/a>Las lluvias que se reportaron desde el viernes en una amplia zona de producci\u00f3n agr\u00edcola de la Argentina frenar\u00e1n por unos d\u00edas la incipiente cosecha de soja del ciclo 2013\/2014. <!--more-->No obstante, una ola de clima seco permitir\u00eda retomar los trabajos desde la mitad de esta semana, dijo ayer a la agencia Reuters Germ\u00e1n Heinzenknecht, especialista de la Consultora de Climatolog\u00eda Aplicada. \u00abLa semana arranca con problemas de encharcamientos temporarios, pero la situaci\u00f3n ir\u00e1 mejorando con el correr de los d\u00edas y, en general, se perfila un escenario m\u00e1s favorable\u00bb, se\u00f1al\u00f3 el especialista.<\/em><\/p>\n<p>Las precipitaciones, que comenzaron el viernes y continuar\u00edan -con mucha menor intensidad- hasta ma\u00f1ana, dejaron un promedio de al menos 50 mil\u00edmetros en toda la zona agr\u00edcola n\u00facleo de la Argentina, que incluye Buenos Aires, C\u00f3rdoba, Santa Fe y Entre R\u00edos.<\/p>\n<p>\u00abLas lluvias fueron superiores a lo que se esperaba, pero el escenario para la cosecha de granos gruesos es relativamente bueno, porque tenemos por delante una semana o diez d\u00edas mayormente secos\u00bb, afirm\u00f3 Heinzenknecht. Y a\u00f1adi\u00f3: \u00abEn los lugares donde se empezaron las labores de cosecha, si en estos d\u00edas se orean los suelos se va a poder trabajar bien\u00bb.<\/p>\n<p>Aunque la recolecci\u00f3n de la soja comenz\u00f3 tibiamente, el grueso de la recolecci\u00f3n se iniciar\u00e1 el mes pr\u00f3ximo. \u00abEl escenario de lluvias podr\u00eda retornar para fines de marzo o comienzos de abril, por lo que los agricultores que est\u00e9n en condiciones de cosechar no tienen que esperar demasiado\u00bb, advirti\u00f3 Heinzenknecht.<\/p>\n<p>Durante la semana pasada, antes de las fuertes precipitaciones del viernes, la Bolsa de Cereales de Buenos Aires estim\u00f3 la cosecha de soja argentina en 54,50 millones de toneladas, mientras que la Bolsa de Comercio de Rosario la proyect\u00f3 en 54,70 millones.<\/p>\n<p><strong>La Naci\u00f3n<\/strong><\/p>\n","protected":false},"excerpt":{"rendered":"<p>Las lluvias que se reportaron desde el viernes en una amplia zona de producci\u00f3n agr\u00edcola de la Argentina frenar\u00e1n por unos d\u00edas la incipiente cosecha de soja del ciclo 2013\/2014.<\/p>\n","protected":false},"author":5,"featured_media":0,"comment_status":"closed","ping_status":"closed","sticky":false,"template":"","format":"standard","meta":[],"categories":[40],"tags":[713],"_links":{"self":[{"href":"http:\/\/rurallascolonias.com.ar\/index.php?rest_route=\/wp\/v2\/posts\/1776"}],"collection":[{"href":"http:\/\/rurallascolonias.com.ar\/index.php?rest_route=\/wp\/v2\/posts"}],"about":[{"href":"http:\/\/rurallascolonias.com.ar\/index.php?rest_route=\/wp\/v2\/types\/post"}],"author":[{"embeddable":true,"href":"http:\/\/rurallascolonias.com.ar\/index.php?rest_route=\/wp\/v2\/users\/5"}],"replies":[{"embeddable":true,"href":"http:\/\/rurallascolonias.com.ar\/index.php?rest_route=%2Fwp%2Fv2%2Fcomments&post=1776"}],"version-history":[{"count":1,"href":"http:\/\/rurallascolonias.com.ar\/index.php?rest_route=\/wp\/v2\/posts\/1776\/revisions"}],"predecessor-version":[{"id":1778,"href":"http:\/\/rurallascolonias.com.ar\/index.php?rest_route=\/wp\/v2\/posts\/1776\/revisions\/1778"}],"wp:attachment":[{"href":"http:\/\/rurallascolonias.com.ar\/index.php?rest_route=%2Fwp%2Fv2%2Fmedia&parent=1776"}],"wp:term":[{"taxonomy":"category","embeddable":true,"href":"http:\/\/rurallascolonias.com.ar\/index.php?rest_route=%2Fwp%2Fv2%2Fcategories&post=1776"},{"taxonomy":"post_tag","embeddable":true,"href":"http:\/\/rurallascolonias.com.ar\/index.php?rest_route=%2Fwp%2Fv2%2Ftags&post=1776"}],"curies":[{"name":"wp","href":"https:\/\/api.w.org\/{rel}","templated":true}]}}