{"id":17728,"date":"2019-07-10T18:37:25","date_gmt":"2019-07-10T18:37:25","guid":{"rendered":"http:\/\/rurallascolonias.com.ar\/?p=17728"},"modified":"2019-07-10T18:37:25","modified_gmt":"2019-07-10T18:37:25","slug":"en-nueva-zelanda-se-preguntan-cuanto-falta-para-que-fonterra-sea-el-proximo-blanco","status":"publish","type":"post","link":"http:\/\/rurallascolonias.com.ar\/?p=17728","title":{"rendered":"EN NUEVA ZELANDA SE PREGUNTAN CU\u00c1NTO FALTA PARA QUE FONTERRA SEA EL PR\u00d3XIMO BLANCO"},"content":{"rendered":"<p><em><strong><a href=\"http:\/\/rurallascolonias.com.ar\/?attachment_id=2809\" rel=\"attachment wp-att-2809\"><img loading=\"lazy\" class=\"aligncenter size-full wp-image-2809\" src=\"http:\/\/rurallascolonias.com.ar\/wp-content\/uploads\/2014\/06\/Fonterra.jpg\" alt=\"\" width=\"337\" height=\"149\" srcset=\"http:\/\/rurallascolonias.com.ar\/wp-content\/uploads\/2014\/06\/Fonterra.jpg 337w, http:\/\/rurallascolonias.com.ar\/wp-content\/uploads\/2014\/06\/Fonterra-300x132.jpg 300w\" sizes=\"(max-width: 337px) 100vw, 337px\" \/><\/a>Las autoridades financieras de la Cooperativa tuvieron que salir a desmentir los rumores de extrangerizaci\u00f3n<\/strong><\/em><!--more--><\/p>\n<p>La venta de Westland Milk a Yili fue el disparador, pero la ca\u00edda del valor de las acciones de Fonterra terminaron por desatar todas las alarmas.<\/p>\n<p>Las acciones de Fonterra han estado en constante descenso durante los \u00faltimos 18 meses. En enero de 2018, se vendieron a $ 6.60, bajando a $ 3.86 al cierre el 30 de junio de 2019.<\/p>\n<p>Ante tanta turbulencia el Director Financiero de la empresa, Marc Rivers, sali\u00f3 a calmar las aguas, y a\u00fan reconociendo que los n\u00fameros no son los mejores, aseguro que el reordenamiento financiero est\u00e1 siendo ordenado y seg\u00fan lo planificado.<\/p>\n<p>Y destac\u00f3 que la realidad de Fonterra era bien diferente a la de Westland, que no existe una situaci\u00f3n de endeudamiento tan alto que obligue a acciones similares.<\/p>\n<p>Pero pese a estas palabras todos auguran un mercado nervioso en torno a las acciones de la empresa hasta tanto se presente el cierre del ejercicio el 31 de julio. Tal vez ese d\u00eda se tenga un panorama m\u00e1s claro.<\/p>\n<p>Mientras tanto, muchos se hacen esta pregunta: \u00bfCu\u00e1nto tiempo pasar\u00e1 antes de que los chinos comiencen a dar vueltas alrededor de su puerta con otra oferta exagerada que los accionistas agricultores de Fonterra no podr\u00e1n resistir?<\/p>\n<p><span class=\"color-blue\">Por\u00a0<\/span><a href=\"https:\/\/edairynews.com\/es\/author\/damianmorais\/\" rel=\"author\"><b>Dami\u00e1n Morais<\/b><\/a><\/p>\n","protected":false},"excerpt":{"rendered":"<p>Las autoridades financieras de la Cooperativa tuvieron que salir a desmentir los rumores de extrangerizaci\u00f3n<\/p>\n","protected":false},"author":5,"featured_media":0,"comment_status":"open","ping_status":"open","sticky":false,"template":"","format":"standard","meta":[],"categories":[1],"tags":[660,282],"_links":{"self":[{"href":"http:\/\/rurallascolonias.com.ar\/index.php?rest_route=\/wp\/v2\/posts\/17728"}],"collection":[{"href":"http:\/\/rurallascolonias.com.ar\/index.php?rest_route=\/wp\/v2\/posts"}],"about":[{"href":"http:\/\/rurallascolonias.com.ar\/index.php?rest_route=\/wp\/v2\/types\/post"}],"author":[{"embeddable":true,"href":"http:\/\/rurallascolonias.com.ar\/index.php?rest_route=\/wp\/v2\/users\/5"}],"replies":[{"embeddable":true,"href":"http:\/\/rurallascolonias.com.ar\/index.php?rest_route=%2Fwp%2Fv2%2Fcomments&post=17728"}],"version-history":[{"count":1,"href":"http:\/\/rurallascolonias.com.ar\/index.php?rest_route=\/wp\/v2\/posts\/17728\/revisions"}],"predecessor-version":[{"id":17729,"href":"http:\/\/rurallascolonias.com.ar\/index.php?rest_route=\/wp\/v2\/posts\/17728\/revisions\/17729"}],"wp:attachment":[{"href":"http:\/\/rurallascolonias.com.ar\/index.php?rest_route=%2Fwp%2Fv2%2Fmedia&parent=17728"}],"wp:term":[{"taxonomy":"category","embeddable":true,"href":"http:\/\/rurallascolonias.com.ar\/index.php?rest_route=%2Fwp%2Fv2%2Fcategories&post=17728"},{"taxonomy":"post_tag","embeddable":true,"href":"http:\/\/rurallascolonias.com.ar\/index.php?rest_route=%2Fwp%2Fv2%2Ftags&post=17728"}],"curies":[{"name":"wp","href":"https:\/\/api.w.org\/{rel}","templated":true}]}}