{"id":17678,"date":"2019-06-21T16:55:44","date_gmt":"2019-06-21T16:55:44","guid":{"rendered":"http:\/\/rurallascolonias.com.ar\/?p=17678"},"modified":"2019-06-21T16:55:44","modified_gmt":"2019-06-21T16:55:44","slug":"el-campo-santafesino-pedira-una-reunion-con-perotti-en-los-proximos-dias","status":"publish","type":"post","link":"http:\/\/rurallascolonias.com.ar\/?p=17678","title":{"rendered":"EL CAMPO SANTAFESINO PEDIR\u00c1 UNA REUNI\u00d3N CON PEROTTI EN LOS PR\u00d3XIMOS D\u00cdAS"},"content":{"rendered":"<p><em><strong><a href=\"http:\/\/rurallascolonias.com.ar\/?attachment_id=17679\" rel=\"attachment wp-att-17679\"><img loading=\"lazy\" class=\"aligncenter size-full wp-image-17679\" src=\"http:\/\/rurallascolonias.com.ar\/wp-content\/uploads\/2019\/06\/Perotti.jpg\" alt=\"\" width=\"218\" height=\"150\" \/><\/a>As\u00ed lo adelant\u00f3 en di\u00e1logo con Radio Campo el presidente de CARSFE, Carlos Castagnani, que habl\u00f3 del triunfo del candidato peronista y c\u00f3mo se vincula con la dirigencia del agro<\/strong><\/em><!--more--><\/p>\n<p>Omar Perotti gan\u00f3 las elecciones de Santa Fe el pasado domingo y se convierte en el nuevo Gobernador de la provincia por los pr\u00f3ximos cuatro a\u00f1os.\u00a0<strong>\u00bfQu\u00e9 piensa la dirigencia agropecuaria del nuevo Gobierno?<\/strong><\/p>\n<p>Sobre eso dialog\u00f3 con\u00a0<strong><em>Radio Campo<\/em><\/strong>\u00a0-por Radio Colonia- el\u00a0<strong>presidente de la Confederaci\u00f3n de Asociaciones Rurales de Santa Fe, Carlos Castagnani<\/strong>, que asegura que se reunieron m\u00e1s de una vez en la previa de las elecciones, no s\u00f3lo con Perotti sino tambi\u00e9n con Bonfatti y Corral. \u201cNuestra funci\u00f3n sigue siendo la de objetar lo que est\u00e9 mal y proponer iniciativas nuevas, as\u00ed que esperamos seguir teniendo buena relaci\u00f3n\u201d, dijo.<\/p>\n<p>Uno de los temas que le plantearon a Perotti y sobre el que\u00a0<strong>har\u00e1n hincapi\u00e9 durante su mandato es en la presi\u00f3n impositiva, sobre todo por el Inmobiliario Rural<\/strong>. \u201cLa emergencia que se les brinda a los productores inundados es casi una caricia, porque no soluciona nada. Muchos se quedaron sin nada y\u00a0<strong>necesitamos que el Estado los asista con apoyo financiero o crediticio para reactivarse y empezar de nuevo a hacer lo que saben: producir<\/strong>\u201d, asegur\u00f3.<\/p>\n<p>Por eso adelantaron que\u00a0<strong>pedir\u00e1n una reuni\u00f3n con Omar Perotti en los pr\u00f3ximos d\u00edas<\/strong>. \u201cTenemos muy buen di\u00e1logo con \u00e9l y doy por descartado que vamos a seguir en esa l\u00ednea\u201d, expres\u00f3 Castagnani y asegur\u00f3 que\u00a0<strong>desde el arranque de su candidatura el Gobernador electo sabe los temas que los preocupan<\/strong>, porque le presentaron un documento que los manifiesta.<\/p>\n<p>En primer lugar,\u00a0<strong>le solicitar\u00e1n compromiso y planificaci\u00f3n de iniciativas que intenten dar soluci\u00f3n a la inundaci\u00f3n<\/strong>, que no s\u00f3lo afecta a Santa Fe sino a otras provincias con las que deber\u00e1n acordar medidas. \u201cEl agua no conoce de l\u00edmites geogr\u00e1ficos\u201d, dijo el dirigente.<\/p>\n<p>Adem\u00e1s,\u00a0<strong>le reclamar\u00e1n por un mayor impulso de obras de infraestructura que den conectividad y mejores caminos rurales a los productores de la provincia<\/strong>, y le manifestaron la\u00a0<strong>necesidad de seguir trabajando contra el delito rural<\/strong>, que los tiene muy preocupados.<\/p>\n<p>Fuente. Agrolink<\/p>\n","protected":false},"excerpt":{"rendered":"<p>As\u00ed lo adelant\u00f3 en di\u00e1logo con Radio Campo el presidente de CARSFE, Carlos Castagnani, que habl\u00f3 del triunfo del candidato peronista y c\u00f3mo se vincula con la dirigencia del agro<\/p>\n","protected":false},"author":5,"featured_media":0,"comment_status":"open","ping_status":"open","sticky":false,"template":"","format":"standard","meta":[],"categories":[42],"tags":[95,264,4107,74],"_links":{"self":[{"href":"http:\/\/rurallascolonias.com.ar\/index.php?rest_route=\/wp\/v2\/posts\/17678"}],"collection":[{"href":"http:\/\/rurallascolonias.com.ar\/index.php?rest_route=\/wp\/v2\/posts"}],"about":[{"href":"http:\/\/rurallascolonias.com.ar\/index.php?rest_route=\/wp\/v2\/types\/post"}],"author":[{"embeddable":true,"href":"http:\/\/rurallascolonias.com.ar\/index.php?rest_route=\/wp\/v2\/users\/5"}],"replies":[{"embeddable":true,"href":"http:\/\/rurallascolonias.com.ar\/index.php?rest_route=%2Fwp%2Fv2%2Fcomments&post=17678"}],"version-history":[{"count":1,"href":"http:\/\/rurallascolonias.com.ar\/index.php?rest_route=\/wp\/v2\/posts\/17678\/revisions"}],"predecessor-version":[{"id":17680,"href":"http:\/\/rurallascolonias.com.ar\/index.php?rest_route=\/wp\/v2\/posts\/17678\/revisions\/17680"}],"wp:attachment":[{"href":"http:\/\/rurallascolonias.com.ar\/index.php?rest_route=%2Fwp%2Fv2%2Fmedia&parent=17678"}],"wp:term":[{"taxonomy":"category","embeddable":true,"href":"http:\/\/rurallascolonias.com.ar\/index.php?rest_route=%2Fwp%2Fv2%2Fcategories&post=17678"},{"taxonomy":"post_tag","embeddable":true,"href":"http:\/\/rurallascolonias.com.ar\/index.php?rest_route=%2Fwp%2Fv2%2Ftags&post=17678"}],"curies":[{"name":"wp","href":"https:\/\/api.w.org\/{rel}","templated":true}]}}