{"id":17635,"date":"2019-06-07T16:54:22","date_gmt":"2019-06-07T16:54:22","guid":{"rendered":"http:\/\/rurallascolonias.com.ar\/?p=17635"},"modified":"2019-06-07T16:54:22","modified_gmt":"2019-06-07T16:54:22","slug":"en-un-mes-la-lecheria-se-reencontrara-con-macri","status":"publish","type":"post","link":"http:\/\/rurallascolonias.com.ar\/?p=17635","title":{"rendered":"EN UN MES LA LECHER\u00cdA SE REENCONTRAR\u00c1 CON MACRI"},"content":{"rendered":"<p><em><b><a href=\"http:\/\/rurallascolonias.com.ar\/?attachment_id=17636\" rel=\"attachment wp-att-17636\"><img loading=\"lazy\" class=\"aligncenter size-full wp-image-17636\" src=\"http:\/\/rurallascolonias.com.ar\/wp-content\/uploads\/2019\/06\/mesalecherajunio.jpg\" alt=\"\" width=\"400\" height=\"261\" srcset=\"http:\/\/rurallascolonias.com.ar\/wp-content\/uploads\/2019\/06\/mesalecherajunio.jpg 400w, http:\/\/rurallascolonias.com.ar\/wp-content\/uploads\/2019\/06\/mesalecherajunio-300x196.jpg 300w\" sizes=\"(max-width: 400px) 100vw, 400px\" \/><\/a>El mi\u00e9rcoles se confirm\u00f3 el plazo para la cita del Presidente con la Mesa Lechera y podr\u00eda ser en Rafaela o San Francisco<\/b><\/em><!--more--><\/p>\n<p style=\"font-weight: 400;\">Siguiendo con la agenda de la Mesa de Competitividad Lechera, ayer se llev\u00f3 a cabo otro encuentro de la producci\u00f3n, las industrias y la Naci\u00f3n, a trav\u00e9s de la Direcci\u00f3n Nacional de Lecher\u00eda. En la sede de la Secretar\u00eda de Agricultura se le dio continuidad al punteo de temas pendientes, aunque de dif\u00edcil definici\u00f3n, que desarrolla el sector.<\/p>\n<p style=\"font-weight: 400;\">Con la presentaci\u00f3n de una nueva herramienta digital para las pymes, se dispone de un mapeo de la exportaci\u00f3n, de los productos disponibles, e incluso de las empresas preparadas para el mercado externo, mientras tarda en consolidarse una nueva lista de mercados disponibles, con ventajas comerciales, e incluso con el ajuste de productos a esas necesidades.<\/p>\n<p style=\"font-weight: 400;\">Hoy la leche es poca para tener una mirada m\u00e1s ambiciosa y est\u00e1 muy repartida entre la exportaci\u00f3n basal y un mercado interno que pelea entre la inflaci\u00f3n y la ca\u00edda en el consumo, a\u00f1adiendo que las explotaciones son cada vez menos. Es esta suma la que genera un precio m\u00e1s competitivo para el productor, el momento ideal para negociar con las industrias, pero que no encuentra seguridades a futuro por la falta de pol\u00edticas consistentes en este sentido y para todo el sector.<\/p>\n<p style=\"font-weight: 400;\">Se mencion\u00f3 la intenci\u00f3n de \u201creforzar el cumplimiento de la Resoluci\u00f3n N\u00ba 229\/2016 por parte de todos los operadores comerciales, trabajando mancomunadamente en una planilla de comparabilidad, cierres de ejercicio a tiempo y parametrizaci\u00f3n de las bonificaciones comerciales\u201d, seg\u00fan consignara el parte oficial del encuentro, sin embargo se pudo saber que en la Mesa se llam\u00f3 a ponerle fecha al inicio de un verdadero y total pago por calidad de leche, que viene postergado desde 2015, para darle as\u00ed un mayor impulso al Sistema Integrado de Gesti\u00f3n de la Lecher\u00eda Argentina. De todas maneras las pymes representadas expresaron los inconvenientes financieros que deber\u00edan afrontar si debieran hacer todos los an\u00e1lisis requeridos para hacer un pago por composici\u00f3n por la leche cruda.<\/p>\n<p style=\"font-weight: 400;\">Semanas atr\u00e1s en la fracci\u00f3n de Comercializaci\u00f3n de este espacio se hab\u00eda destacado que deben definirse a las transacciones comerciales entre el productor y la industria con los \u201ccontratos de suministro\u201d, que permiten definir un precio y condiciones para el pago, no necesariamente de manera escrita, pero si con la formalizaci\u00f3n que se reclama desde la producci\u00f3n hace m\u00e1s de dos d\u00e9cadas. Se explic\u00f3 en el encuentro que para poner en marcha este formato las partes deben estar de acuerdo. Al respecto, las entidades industriales presentes no se expresaron decididas a avanzar.<\/p>\n<p style=\"font-weight: 400;\">El orden del d\u00eda inclu\u00eda la exposici\u00f3n de las necesidades de modificar el formato de los contratos que muchos productores tienen con sus tamberos medieros. Una actualizaci\u00f3n debe operar en este sentido, con la conformaci\u00f3n de una mesa t\u00e9cnica para tener definiciones jur\u00eddicas precisas para el caso.<\/p>\n<p style=\"font-weight: 400;\">Finalmente, qued\u00f3 expresado el compromiso de volver a encontrarse en un plazo no mayor a 30 d\u00edas, pero junto con el Presidente de la Naci\u00f3n, para continuar con los encuentros de actualizaci\u00f3n que se dan con los diferentes sectores productivos.<\/p>\n<p style=\"font-weight: 400;\">Tal como lo adelant\u00e1ramos en Agrofy News, sigue en pie y gestion\u00e1ndose la intenci\u00f3n de generar este encuentro en el interior del pa\u00eds, precisamente en la cuenca lechera. Ser\u00eda en las ciudades de San Francisco o Rafaela donde la Mesa de Competitividad Lechera pueda recibir a Mauricio Macri, para que en ese momento se puedan generar compromisos de plazos para aspectos formales mencionados en esta nota, en el eje mismo de la principal cuenca lechera nacional.<\/p>\n<p style=\"font-weight: 400;\">La intenci\u00f3n de los productores es estar cerca de la realidad del tambo, que hoy no debate precio, pero que cuestiona caracter\u00edsticas del negocio que debe resolver la pol\u00edtica.<\/p>\n<p style=\"font-weight: 400;\">En un mes estar\u00e1 en plena campa\u00f1a el mandatario y ser\u00eda la segunda vez que se d\u00e9 una situaci\u00f3n similar, replicando lo sucedido a mediados de 2017, cuando visitara la obra a\u00fan pendiente de la conversi\u00f3n en autopista de la Ruta Nacional 34, en las afueras de Rafaela.<\/p>\n<p style=\"font-weight: 400;\">La lecher\u00eda argentina entiende que es tiempo de oportunidades, pero como sector debe madurar mucho y decidir a\u00fan m\u00e1s para poder afrontarlas.<\/p>\n<p style=\"font-weight: 400;\">Por Elida Thiery (Agrofy News)<\/p>\n","protected":false},"excerpt":{"rendered":"<p>El mi\u00e9rcoles se confirm\u00f3 el plazo para la cita del Presidente con la Mesa Lechera y podr\u00eda ser en Rafaela o San Francisco<\/p>\n","protected":false},"author":5,"featured_media":0,"comment_status":"open","ping_status":"open","sticky":false,"template":"","format":"standard","meta":[],"categories":[33],"tags":[89,985,12,2439],"_links":{"self":[{"href":"http:\/\/rurallascolonias.com.ar\/index.php?rest_route=\/wp\/v2\/posts\/17635"}],"collection":[{"href":"http:\/\/rurallascolonias.com.ar\/index.php?rest_route=\/wp\/v2\/posts"}],"about":[{"href":"http:\/\/rurallascolonias.com.ar\/index.php?rest_route=\/wp\/v2\/types\/post"}],"author":[{"embeddable":true,"href":"http:\/\/rurallascolonias.com.ar\/index.php?rest_route=\/wp\/v2\/users\/5"}],"replies":[{"embeddable":true,"href":"http:\/\/rurallascolonias.com.ar\/index.php?rest_route=%2Fwp%2Fv2%2Fcomments&post=17635"}],"version-history":[{"count":1,"href":"http:\/\/rurallascolonias.com.ar\/index.php?rest_route=\/wp\/v2\/posts\/17635\/revisions"}],"predecessor-version":[{"id":17637,"href":"http:\/\/rurallascolonias.com.ar\/index.php?rest_route=\/wp\/v2\/posts\/17635\/revisions\/17637"}],"wp:attachment":[{"href":"http:\/\/rurallascolonias.com.ar\/index.php?rest_route=%2Fwp%2Fv2%2Fmedia&parent=17635"}],"wp:term":[{"taxonomy":"category","embeddable":true,"href":"http:\/\/rurallascolonias.com.ar\/index.php?rest_route=%2Fwp%2Fv2%2Fcategories&post=17635"},{"taxonomy":"post_tag","embeddable":true,"href":"http:\/\/rurallascolonias.com.ar\/index.php?rest_route=%2Fwp%2Fv2%2Ftags&post=17635"}],"curies":[{"name":"wp","href":"https:\/\/api.w.org\/{rel}","templated":true}]}}