{"id":1760,"date":"2014-03-18T10:35:02","date_gmt":"2014-03-18T10:35:02","guid":{"rendered":"http:\/\/rurallascolonias.com.ar\/?p=1760"},"modified":"2014-03-18T10:35:02","modified_gmt":"2014-03-18T10:35:02","slug":"cra-denunciara-a-casamiquela-por-el-mal-desempeno","status":"publish","type":"post","link":"http:\/\/rurallascolonias.com.ar\/?p=1760","title":{"rendered":"CRA DENUNCIAR\u00c1 A CASAMIQUELA POR EL MAL DESEMPE\u00d1O"},"content":{"rendered":"<p><a href=\"http:\/\/rurallascolonias.com.ar\/wp-content\/uploads\/2014\/02\/FERRERO-5.jpg\"><img loading=\"lazy\" class=\"alignleft size-full wp-image-1494\" alt=\"FERRERO 5\" src=\"http:\/\/rurallascolonias.com.ar\/wp-content\/uploads\/2014\/02\/FERRERO-5.jpg\" width=\"248\" height=\"156\" \/><\/a>Lo afirm\u00f3 el presidente de la entidad, Rub\u00e9n Ferrero. Es debido a la no convocatoria de la comisi\u00f3n nacional de Emergencia, entre otros puntos.<!--more--><\/p>\n<p>\u201cEstamos analizando desde CRA una acci\u00f3n contra el ministerio de Agricultura por incumplimiento de los deberes de funcionario p\u00fablico. Le hemos mandado tres cartas documento exigiendo el llamando a la comisi\u00f3n nacional de Emergencia. Desde el ministerio se mira para otro lado\u00bb, critic\u00f3 Ferrero al ministro Casamiquela.<\/p>\n<p>El integrante de la Mesa de Enlace, en una nota al programa Entre el Campo y la Ciudad, agreg\u00f3: \u201cEn muchas econom\u00edas hay un parate importante. Hay incertidumbre que me transmitieron los productores de maquinarias. No vislumbramos de parte del gobierno nacional que se solucionen estos temas. Seguimos en la misma l\u00f3gica de cierre de mercado, imprevisibilidad y alta inflaci\u00f3n, especialmente de enero a la fecha, en insumos\u201d.<\/p>\n<p>Consultado acerca de si Daniel Scioli puede ayudar a reconstruir la relaci\u00f3n con el gobierno, Ferrero se mostr\u00f3 esc\u00e9ptico: \u201cHasta ahora, Daniel Scioli no demostr\u00f3 ser un acercamiento con el gobierno nacional. El actual modelo nos llev\u00f3 a la situaci\u00f3n que estamos. A los que no siguieron ese modelo les fue mucho mejor\u201d.<\/p>\n<p>Sin embargo, reconoci\u00f3 del gobernador bonaerense que \u201cse reuni\u00f3 con la Mesa Agropecuaria Provincial. Les ha dado respuesta y hay compromiso de no modificar el Impuesto Inmobiliario Rural\u201d.<\/p>\n<p>fuente: Infocampo<\/p>\n","protected":false},"excerpt":{"rendered":"<p>Lo afirm\u00f3 el presidente de la entidad, Rub\u00e9n Ferrero. Es debido a la no convocatoria de la comisi\u00f3n nacional de Emergencia, entre otros puntos.<\/p>\n","protected":false},"author":5,"featured_media":0,"comment_status":"closed","ping_status":"closed","sticky":false,"template":"","format":"standard","meta":[],"categories":[42],"tags":[22,30,208,373],"_links":{"self":[{"href":"http:\/\/rurallascolonias.com.ar\/index.php?rest_route=\/wp\/v2\/posts\/1760"}],"collection":[{"href":"http:\/\/rurallascolonias.com.ar\/index.php?rest_route=\/wp\/v2\/posts"}],"about":[{"href":"http:\/\/rurallascolonias.com.ar\/index.php?rest_route=\/wp\/v2\/types\/post"}],"author":[{"embeddable":true,"href":"http:\/\/rurallascolonias.com.ar\/index.php?rest_route=\/wp\/v2\/users\/5"}],"replies":[{"embeddable":true,"href":"http:\/\/rurallascolonias.com.ar\/index.php?rest_route=%2Fwp%2Fv2%2Fcomments&post=1760"}],"version-history":[{"count":1,"href":"http:\/\/rurallascolonias.com.ar\/index.php?rest_route=\/wp\/v2\/posts\/1760\/revisions"}],"predecessor-version":[{"id":1761,"href":"http:\/\/rurallascolonias.com.ar\/index.php?rest_route=\/wp\/v2\/posts\/1760\/revisions\/1761"}],"wp:attachment":[{"href":"http:\/\/rurallascolonias.com.ar\/index.php?rest_route=%2Fwp%2Fv2%2Fmedia&parent=1760"}],"wp:term":[{"taxonomy":"category","embeddable":true,"href":"http:\/\/rurallascolonias.com.ar\/index.php?rest_route=%2Fwp%2Fv2%2Fcategories&post=1760"},{"taxonomy":"post_tag","embeddable":true,"href":"http:\/\/rurallascolonias.com.ar\/index.php?rest_route=%2Fwp%2Fv2%2Ftags&post=1760"}],"curies":[{"name":"wp","href":"https:\/\/api.w.org\/{rel}","templated":true}]}}