{"id":17581,"date":"2019-05-22T16:00:55","date_gmt":"2019-05-22T16:00:55","guid":{"rendered":"http:\/\/rurallascolonias.com.ar\/?p=17581"},"modified":"2019-05-22T16:00:55","modified_gmt":"2019-05-22T16:00:55","slug":"lacteos-mayores-exportaciones-y-mejor-precio-al-productor-pero-fuerte-desplome-del-mercado-interno","status":"publish","type":"post","link":"http:\/\/rurallascolonias.com.ar\/?p=17581","title":{"rendered":"L\u00c1CTEOS: MAYORES EXPORTACIONES Y MEJOR PRECIO AL PRODUCTOR, PERO FUERTE DESPLOME DEL MERCADO INTERNO"},"content":{"rendered":"<p><em><strong><a href=\"http:\/\/rurallascolonias.com.ar\/?attachment_id=17585\" rel=\"attachment wp-att-17585\"><img loading=\"lazy\" class=\"aligncenter size-full wp-image-17585\" src=\"http:\/\/rurallascolonias.com.ar\/wp-content\/uploads\/2019\/05\/leche-en-polvo.jpg\" alt=\"\" width=\"1420\" height=\"809\" srcset=\"http:\/\/rurallascolonias.com.ar\/wp-content\/uploads\/2019\/05\/leche-en-polvo.jpg 1420w, http:\/\/rurallascolonias.com.ar\/wp-content\/uploads\/2019\/05\/leche-en-polvo-300x171.jpg 300w, http:\/\/rurallascolonias.com.ar\/wp-content\/uploads\/2019\/05\/leche-en-polvo-768x438.jpg 768w, http:\/\/rurallascolonias.com.ar\/wp-content\/uploads\/2019\/05\/leche-en-polvo-1024x583.jpg 1024w, http:\/\/rurallascolonias.com.ar\/wp-content\/uploads\/2019\/05\/leche-en-polvo-600x342.jpg 600w, http:\/\/rurallascolonias.com.ar\/wp-content\/uploads\/2019\/05\/leche-en-polvo-624x356.jpg 624w\" sizes=\"(max-width: 1420px) 100vw, 1420px\" \/><\/a>El mes de abril manifiesta n\u00fameros conflictivos para la lecher\u00eda. Si bien aumentan las exportaciones y los tamberos comienzan a recuperar rentabilidad. El uso de la capacidad instalada y el consumo interno siguen desplom\u00e1ndose<\/strong><\/em><!--more--><\/p>\n<p>La secretar\u00eda de Agroindustria de la Naci\u00f3n inform\u00f3 los n\u00fameros del sector l\u00e1cteo para el mes de abril de 2019. Seg\u00fan la cartera conducida por Etchevehere, el precio pagado al productor se encuentra por encima de los costos, por quinto mes consecutivo, y los tamberos comienzan a recuperar rentabilidad. Respecto a las variaciones interanuales, las exportaciones muestran un crecimiento del 9% , pero se derrumba el consumo interno de l\u00e1cteos, que en el caso de la leche fluida, acumula una p\u00e9rdida del 15%.<\/p>\n<p>La secretar\u00eda de Gobierno de Agroindustria celebr\u00f3 el crecimiento en las exportaciones de l\u00e1cteos durante el primer trimestre de 2019 pero nada dijo del derrumbe en el mercado interno. De acuerdo con los datos de Agroindustria, las exportaciones de l\u00e1cteos crecieron 38% durante el 2018 y en el primer trimestre de a\u00f1o acumulan un incremento del 9% respecto al primer trimestre de 2018. Sin embargo, consumo interno e industria se ven fuertemente retra\u00eddas.<\/p>\n<p>En el mes de abril de 2019 la producci\u00f3n fue de 736,9 millones de litros de leche, este valor representa un baja del 1,2% respecto al mes anterior y una ca\u00edda del 5,0% en comparaci\u00f3n con igual mes del a\u00f1o anterior. En tanto, el consumo de l\u00e1cteos se retrajo 15% para la leche fluida, 14% para leche en polvo, 8% los quesos y 14% el resto de los productos l\u00e1cteos.<\/p>\n<p>En tanto, el precio pagado al productor se recuper\u00f3 un 13%, respecto al mes anterior y acumula un aumento del 118% interanual, en abril se pag\u00f3 13.32$\/litro y es el quinto mes consecutivo que los tambos tienen una rentabilidad positiva.<\/p>\n<p>SIGLEA ABRIL:<\/p>\n<p><a href=\"http:\/\/rurallascolonias.com.ar\/?attachment_id=17582\" rel=\"attachment wp-att-17582\"><img loading=\"lazy\" class=\"aligncenter size-full wp-image-17582\" src=\"http:\/\/rurallascolonias.com.ar\/wp-content\/uploads\/2019\/05\/L\u00e1cteos1.jpg\" alt=\"\" width=\"709\" height=\"1024\" srcset=\"http:\/\/rurallascolonias.com.ar\/wp-content\/uploads\/2019\/05\/L\u00e1cteos1.jpg 709w, http:\/\/rurallascolonias.com.ar\/wp-content\/uploads\/2019\/05\/L\u00e1cteos1-208x300.jpg 208w, http:\/\/rurallascolonias.com.ar\/wp-content\/uploads\/2019\/05\/L\u00e1cteos1-600x867.jpg 600w, http:\/\/rurallascolonias.com.ar\/wp-content\/uploads\/2019\/05\/L\u00e1cteos1-624x901.jpg 624w\" sizes=\"(max-width: 709px) 100vw, 709px\" \/><\/a><\/p>\n<p><a href=\"http:\/\/rurallascolonias.com.ar\/?attachment_id=17583\" rel=\"attachment wp-att-17583\"><img loading=\"lazy\" class=\"aligncenter size-full wp-image-17583\" src=\"http:\/\/rurallascolonias.com.ar\/wp-content\/uploads\/2019\/05\/L\u00e1cteos2.png\" alt=\"\" width=\"768\" height=\"419\" srcset=\"http:\/\/rurallascolonias.com.ar\/wp-content\/uploads\/2019\/05\/L\u00e1cteos2.png 768w, http:\/\/rurallascolonias.com.ar\/wp-content\/uploads\/2019\/05\/L\u00e1cteos2-300x164.png 300w, http:\/\/rurallascolonias.com.ar\/wp-content\/uploads\/2019\/05\/L\u00e1cteos2-600x327.png 600w, http:\/\/rurallascolonias.com.ar\/wp-content\/uploads\/2019\/05\/L\u00e1cteos2-624x340.png 624w\" sizes=\"(max-width: 768px) 100vw, 768px\" \/><\/a><\/p>\n<p><a href=\"http:\/\/rurallascolonias.com.ar\/?attachment_id=17584\" rel=\"attachment wp-att-17584\"><img loading=\"lazy\" class=\"aligncenter size-full wp-image-17584\" src=\"http:\/\/rurallascolonias.com.ar\/wp-content\/uploads\/2019\/05\/L\u00e1cteos3.png\" alt=\"\" width=\"768\" height=\"430\" srcset=\"http:\/\/rurallascolonias.com.ar\/wp-content\/uploads\/2019\/05\/L\u00e1cteos3.png 768w, http:\/\/rurallascolonias.com.ar\/wp-content\/uploads\/2019\/05\/L\u00e1cteos3-300x168.png 300w, http:\/\/rurallascolonias.com.ar\/wp-content\/uploads\/2019\/05\/L\u00e1cteos3-600x336.png 600w, http:\/\/rurallascolonias.com.ar\/wp-content\/uploads\/2019\/05\/L\u00e1cteos3-624x349.png 624w\" sizes=\"(max-width: 768px) 100vw, 768px\" \/><\/a><\/p>\n<p><span class=\"color-blue\">Por\u00a0<\/span><b>Xavier Hern\u00e1ndez<\/b>\u00a0<span class=\"color-blue\">Fuente\u00a0<\/span><b><a href=\"https:\/\/www.infocampo.com.ar\/lacteos-mayores-exportaciones-y-mejor-precio-al-productor-pero-fuerte-desplome-del-mercado-interno\/\" target=\"_blank\" rel=\"noopener noreferrer\">Infocampo<\/a><\/b><\/p>\n","protected":false},"excerpt":{"rendered":"<p>El mes de abril manifiesta n\u00fameros conflictivos para la lecher\u00eda. Si bien aumentan las exportaciones y los tamberos comienzan a recuperar rentabilidad. El uso de la capacidad instalada y el consumo interno siguen desplom\u00e1ndose<\/p>\n","protected":false},"author":5,"featured_media":0,"comment_status":"open","ping_status":"open","sticky":false,"template":"","format":"standard","meta":[],"categories":[46],"tags":[51,9,65],"_links":{"self":[{"href":"http:\/\/rurallascolonias.com.ar\/index.php?rest_route=\/wp\/v2\/posts\/17581"}],"collection":[{"href":"http:\/\/rurallascolonias.com.ar\/index.php?rest_route=\/wp\/v2\/posts"}],"about":[{"href":"http:\/\/rurallascolonias.com.ar\/index.php?rest_route=\/wp\/v2\/types\/post"}],"author":[{"embeddable":true,"href":"http:\/\/rurallascolonias.com.ar\/index.php?rest_route=\/wp\/v2\/users\/5"}],"replies":[{"embeddable":true,"href":"http:\/\/rurallascolonias.com.ar\/index.php?rest_route=%2Fwp%2Fv2%2Fcomments&post=17581"}],"version-history":[{"count":1,"href":"http:\/\/rurallascolonias.com.ar\/index.php?rest_route=\/wp\/v2\/posts\/17581\/revisions"}],"predecessor-version":[{"id":17586,"href":"http:\/\/rurallascolonias.com.ar\/index.php?rest_route=\/wp\/v2\/posts\/17581\/revisions\/17586"}],"wp:attachment":[{"href":"http:\/\/rurallascolonias.com.ar\/index.php?rest_route=%2Fwp%2Fv2%2Fmedia&parent=17581"}],"wp:term":[{"taxonomy":"category","embeddable":true,"href":"http:\/\/rurallascolonias.com.ar\/index.php?rest_route=%2Fwp%2Fv2%2Fcategories&post=17581"},{"taxonomy":"post_tag","embeddable":true,"href":"http:\/\/rurallascolonias.com.ar\/index.php?rest_route=%2Fwp%2Fv2%2Ftags&post=17581"}],"curies":[{"name":"wp","href":"https:\/\/api.w.org\/{rel}","templated":true}]}}