{"id":17561,"date":"2019-05-15T16:52:30","date_gmt":"2019-05-15T16:52:30","guid":{"rendered":"http:\/\/rurallascolonias.com.ar\/?p=17561"},"modified":"2019-05-15T16:52:30","modified_gmt":"2019-05-15T16:52:30","slug":"el-ruralismo-estuvo-presente-en-la-reunion-del-comite-hidrico-de-los-bajos-submeridionales","status":"publish","type":"post","link":"http:\/\/rurallascolonias.com.ar\/?p=17561","title":{"rendered":"EL RURALISMO ESTUVO PRESENTE EN LA REUNI\u00d3N DEL COMIT\u00c9 H\u00cdDRICO DE LOS BAJOS SUBMERIDIONALES"},"content":{"rendered":"<p><strong><em><a href=\"http:\/\/rurallascolonias.com.ar\/?attachment_id=17562\" rel=\"attachment wp-att-17562\"><img loading=\"lazy\" class=\"aligncenter size-full wp-image-17562\" src=\"http:\/\/rurallascolonias.com.ar\/wp-content\/uploads\/2019\/05\/bajos-submeridionales.jpg\" alt=\"\" width=\"1024\" height=\"680\" srcset=\"http:\/\/rurallascolonias.com.ar\/wp-content\/uploads\/2019\/05\/bajos-submeridionales.jpg 1024w, http:\/\/rurallascolonias.com.ar\/wp-content\/uploads\/2019\/05\/bajos-submeridionales-300x199.jpg 300w, http:\/\/rurallascolonias.com.ar\/wp-content\/uploads\/2019\/05\/bajos-submeridionales-768x510.jpg 768w, http:\/\/rurallascolonias.com.ar\/wp-content\/uploads\/2019\/05\/bajos-submeridionales-600x398.jpg 600w, http:\/\/rurallascolonias.com.ar\/wp-content\/uploads\/2019\/05\/bajos-submeridionales-624x414.jpg 624w\" sizes=\"(max-width: 1024px) 100vw, 1024px\" \/><\/a>Se realiz\u00f3 hoy en la localidad de Bandera (Santiago del Estero) y participaron autoridades del Comit\u00e9 Interjurisdiccional de los Bajos Submeridionales de las tres provincias. Tambi\u00e9n estuvo presente la Sociedad Rural de Tostado en representaci\u00f3n del departamento 9 de julio y Carsfe<\/em><\/strong><!--more--><\/p>\n<p>En el marco de la situaci\u00f3n de emergencia h\u00eddrica que atraviesa la zona de Bajos Submeridionales que afecta a productores de las provincias de Chaco, Santiago del Estero y el norte santafesino se realiz\u00f3 hoy una reuni\u00f3n del Comit\u00e9 Interjurisdiccional de la Regi\u00f3n H\u00eddrica Bajos Submeridionales (CIRBAS).<\/p>\n<p>&nbsp;<\/p>\n<p>Tambi\u00e9n asistieron autoridades nacionales de la secretar\u00eda de Agroindustria, Vialidad Nacional, Secretar\u00eda de Infraestructura y Pol\u00edtica H\u00eddricaI y SINAGIR (Sistema Nacional para la Gesti\u00f3n Integral del Riesgo y la Protecci\u00f3n Civil), que mediaron en la discusi\u00f3n sobre las obras de infraestructura que se deber\u00e1n concretar.<br \/>\nDe la reuni\u00f3n tambi\u00e9n particip\u00f3 el ruralismo santafesino, representado por autoridades de la Sociedad Rural de Tostado, del departamento 9 de julio. Jorge Mercau, presidente de la instituci\u00f3n manifest\u00f3 previamente a la reuni\u00f3n que \u201cesperan ser escuchados esta vez\u201d y que plantear\u00e1n como propuesta \u201cque se hagan puentes a nivel del terreno, no alcantarillas, para que sea el agua superficial la que pase y no \u2018la de abajo\u2019\u201d. \u201cSi ten\u00e9s campo con un bajo, hacete cargo, no lo saques con un canal para que el agua se vaya para otro lado\u201d, agreg\u00f3.<br \/>\nEn esta l\u00ednea, el secretario de Recursos H\u00eddricos de Santa Fe, Juan Carlos Bertoni, adelant\u00f3 que expondr\u00e1n ante el equipo t\u00e9cnico de la Secretar\u00eda de Infraestructura H\u00eddr\u00edca de la Naci\u00f3n, el proyecto elaborado por Santa Fe en acuero con Santiago del Estero para construir 150 kil\u00f3metros de canal desde Villa Minetti hacia el norte hasta la Ca\u00f1ada de las V\u00edboras.<\/p>\n<p>&nbsp;<\/p>\n<p>El proyecto incluye el canal as\u00ed como el alteo de la ruta interprovincial N\u00b0 35 con un costo estimado en su primera etapa de $ 700 millones.<\/p>\n<p>Fuente: Campo Litoral<\/p>\n","protected":false},"excerpt":{"rendered":"<p>Se realiz\u00f3 hoy en la localidad de Bandera (Santiago del Estero) y participaron autoridades del Comit\u00e9 Interjurisdiccional de los Bajos Submeridionales de las tres provincias. Tambi\u00e9n estuvo presente la Sociedad Rural de Tostado en representaci\u00f3n del departamento 9 de julio y Carsfe<\/p>\n","protected":false},"author":5,"featured_media":0,"comment_status":"open","ping_status":"open","sticky":false,"template":"","format":"standard","meta":[],"categories":[14],"tags":[4214,4213,74,547],"_links":{"self":[{"href":"http:\/\/rurallascolonias.com.ar\/index.php?rest_route=\/wp\/v2\/posts\/17561"}],"collection":[{"href":"http:\/\/rurallascolonias.com.ar\/index.php?rest_route=\/wp\/v2\/posts"}],"about":[{"href":"http:\/\/rurallascolonias.com.ar\/index.php?rest_route=\/wp\/v2\/types\/post"}],"author":[{"embeddable":true,"href":"http:\/\/rurallascolonias.com.ar\/index.php?rest_route=\/wp\/v2\/users\/5"}],"replies":[{"embeddable":true,"href":"http:\/\/rurallascolonias.com.ar\/index.php?rest_route=%2Fwp%2Fv2%2Fcomments&post=17561"}],"version-history":[{"count":1,"href":"http:\/\/rurallascolonias.com.ar\/index.php?rest_route=\/wp\/v2\/posts\/17561\/revisions"}],"predecessor-version":[{"id":17563,"href":"http:\/\/rurallascolonias.com.ar\/index.php?rest_route=\/wp\/v2\/posts\/17561\/revisions\/17563"}],"wp:attachment":[{"href":"http:\/\/rurallascolonias.com.ar\/index.php?rest_route=%2Fwp%2Fv2%2Fmedia&parent=17561"}],"wp:term":[{"taxonomy":"category","embeddable":true,"href":"http:\/\/rurallascolonias.com.ar\/index.php?rest_route=%2Fwp%2Fv2%2Fcategories&post=17561"},{"taxonomy":"post_tag","embeddable":true,"href":"http:\/\/rurallascolonias.com.ar\/index.php?rest_route=%2Fwp%2Fv2%2Ftags&post=17561"}],"curies":[{"name":"wp","href":"https:\/\/api.w.org\/{rel}","templated":true}]}}