{"id":17517,"date":"2019-05-06T14:42:31","date_gmt":"2019-05-06T14:42:31","guid":{"rendered":"http:\/\/rurallascolonias.com.ar\/?p=17517"},"modified":"2019-05-06T14:42:31","modified_gmt":"2019-05-06T14:42:31","slug":"vaca-muerta","status":"publish","type":"post","link":"http:\/\/rurallascolonias.com.ar\/?p=17517","title":{"rendered":"VACA MUERTA"},"content":{"rendered":"<p><em><strong><a href=\"http:\/\/rurallascolonias.com.ar\/?attachment_id=16074\" rel=\"attachment wp-att-16074\"><img loading=\"lazy\" class=\"aligncenter size-full wp-image-16074\" src=\"http:\/\/rurallascolonias.com.ar\/wp-content\/uploads\/2018\/02\/tambero.jpg\" alt=\"\" width=\"614\" height=\"251\" srcset=\"http:\/\/rurallascolonias.com.ar\/wp-content\/uploads\/2018\/02\/tambero.jpg 614w, http:\/\/rurallascolonias.com.ar\/wp-content\/uploads\/2018\/02\/tambero-300x123.jpg 300w, http:\/\/rurallascolonias.com.ar\/wp-content\/uploads\/2018\/02\/tambero-600x245.jpg 600w\" sizes=\"(max-width: 614px) 100vw, 614px\" \/><\/a>Los tamberos temen que el acuerdo frene las mejoras<\/strong><\/em><!--more--><\/p>\n<p>La rentabilidad que se viene dando en la leche en boca de tambo podr\u00eda verse afectada por el congelamiento de precios que anunci\u00f3 el Gobierno<\/p>\n<p>La mejora que se alcanz\u00f3 en el precio de la leche en boca de tambo podr\u00eda verse afectada por el congelamiento de precios que anunci\u00f3 el Gobierno a trav\u00e9s del programa Precios Esenciales. En ese sentido, los productores temen que la industria lo ponga de excusa a partir de mayo.<\/p>\n<p>\u00abLos $12 por litro que se recibe en promedio sigue sin compensar el problema del egreso e ingreso. Seguimos sin tener un precio rentable a partir de\u00a0<span class=\"html-tag\">&lt;strong&gt;<\/span>insumos que siguen en alza por el d\u00f3lar\u00bb, sostuvo el vicepresidente de Confederaciones Rurales Argentinas (CRA), Jorge Chemes, quien agreg\u00f3 que la actualizaci\u00f3n de la rentabilidad \u00abse estar\u00eda frenando con el acuerdo de los alimentos\u00bb.<\/p>\n<p>\u00abLa industria va a aprovechar para decir que no pueden aumentar m\u00e1s nada\u00bb, sostuvo. Sin embargo, consideran que no deber\u00eda suceder por la necesidad de la industria para abastecer las g\u00f3ndolas. Las f\u00e1bricas necesitan de la materia prima frente a una producci\u00f3n que por el verano cay\u00f3 un 7%.<\/p>\n<p>\u00abPara exportar, las industrias echaron mano a los 10.000 millones de litros de leche que se produjo en 2018, de los cuales usaron 1.500 millones para enviar al exterior. Esto quiere decir que no sobra leche y todo va al mercado interno\u00bb, explic\u00f3 Chemes.<\/p>\n<p>Fuente: Lecher\u00eda Latina<\/p>\n","protected":false},"excerpt":{"rendered":"<p>Los tamberos temen que el acuerdo frene las mejoras<\/p>\n","protected":false},"author":5,"featured_media":0,"comment_status":"open","ping_status":"open","sticky":false,"template":"","format":"standard","meta":[],"categories":[46],"tags":[481],"_links":{"self":[{"href":"http:\/\/rurallascolonias.com.ar\/index.php?rest_route=\/wp\/v2\/posts\/17517"}],"collection":[{"href":"http:\/\/rurallascolonias.com.ar\/index.php?rest_route=\/wp\/v2\/posts"}],"about":[{"href":"http:\/\/rurallascolonias.com.ar\/index.php?rest_route=\/wp\/v2\/types\/post"}],"author":[{"embeddable":true,"href":"http:\/\/rurallascolonias.com.ar\/index.php?rest_route=\/wp\/v2\/users\/5"}],"replies":[{"embeddable":true,"href":"http:\/\/rurallascolonias.com.ar\/index.php?rest_route=%2Fwp%2Fv2%2Fcomments&post=17517"}],"version-history":[{"count":1,"href":"http:\/\/rurallascolonias.com.ar\/index.php?rest_route=\/wp\/v2\/posts\/17517\/revisions"}],"predecessor-version":[{"id":17518,"href":"http:\/\/rurallascolonias.com.ar\/index.php?rest_route=\/wp\/v2\/posts\/17517\/revisions\/17518"}],"wp:attachment":[{"href":"http:\/\/rurallascolonias.com.ar\/index.php?rest_route=%2Fwp%2Fv2%2Fmedia&parent=17517"}],"wp:term":[{"taxonomy":"category","embeddable":true,"href":"http:\/\/rurallascolonias.com.ar\/index.php?rest_route=%2Fwp%2Fv2%2Fcategories&post=17517"},{"taxonomy":"post_tag","embeddable":true,"href":"http:\/\/rurallascolonias.com.ar\/index.php?rest_route=%2Fwp%2Fv2%2Ftags&post=17517"}],"curies":[{"name":"wp","href":"https:\/\/api.w.org\/{rel}","templated":true}]}}