{"id":1751,"date":"2014-03-17T18:34:41","date_gmt":"2014-03-17T18:34:41","guid":{"rendered":"http:\/\/rurallascolonias.com.ar\/?p=1751"},"modified":"2014-03-17T18:34:41","modified_gmt":"2014-03-17T18:34:41","slug":"exportaciones-lacteas-argentina-y-brasil-definen-en-el-mundial","status":"publish","type":"post","link":"http:\/\/rurallascolonias.com.ar\/?p=1751","title":{"rendered":"EXPORTACIONES L\u00c1CTEAS: ARGENTINA Y BRASIL DEFINEN EN EL MUNDIAL"},"content":{"rendered":"<p><a href=\"http:\/\/rurallascolonias.com.ar\/wp-content\/uploads\/2014\/03\/exportaciones-l\u00e1cteas.jpg\"><img loading=\"lazy\" class=\"aligncenter size-full wp-image-1752\" alt=\"exportaciones l\u00e1cteas\" src=\"http:\/\/rurallascolonias.com.ar\/wp-content\/uploads\/2014\/03\/exportaciones-l\u00e1cteas.jpg\" width=\"259\" height=\"194\" \/><\/a>El 31 de enero venci\u00f3 el acuerdo entre Argentina y Brasil por el cupo de exportaciones que desde hace a\u00f1os impone el pa\u00eds vecino.<!--more--><br \/>\nComo todos los a\u00f1os las conversaciones, que sorprendentemente se da entre privados y no entre estados, vienen duras. Con la excusa de la reuni\u00f3n que la Federaci\u00f3n Panamericana de Lecher\u00eda desarroll\u00f3 en Rosario la semana pasada autoridades del CIL se reunieron con sus pares brasileros y trataron de hacer el primer contacto para tantear la mano.<br \/>\nLuego de dos d\u00edas de conversaciones la pelota se tir\u00f3 para adelante y se arregl\u00f3 extender el actual status hasta fin de Abril, por lo que hasta esa fecha se seguir\u00e1 manteniendo el actual sistema que consiste en que el CIL seguir\u00e1 recibiendo las Licencias, las que ser\u00e1n remitidas a la Secretar\u00eda de Comercio para que sean evaluadas.<br \/>\nEste tipo modelo de convenio ha desatado muchas cr\u00edticas por lo bajo por parte de algunos empresarios que sostienen que las reglas no son del todo claras y que dentro del CIL no hay una distribuci\u00f3n equitativa de los permisos. La otra gran cr\u00edtica es que Argentina el a\u00f1o pasado se qued\u00f3 con una cuota menor a la que se le otorg\u00f3 a Uruguay.<br \/>\nLa diferencia de ambos acuerdos es que los charr\u00faas optaron por una negociaci\u00f3n entre gobiernos y no entre privados, como es el caso de nuestro pa\u00eds.<br \/>\nDicen algunos de los que participaron de las reuniones que la idea es esperar hasta el mundial para ver c\u00f3mo est\u00e1n los \u00e1nimos en el pa\u00eds vecino y saber cu\u00e1nta leche podremos exportar al mercado m\u00e1s apetitoso de Sudam\u00e9rica.<br \/>\nPor Dami\u00e1n Morais<\/p>\n","protected":false},"excerpt":{"rendered":"<p>El 31 de enero venci\u00f3 el acuerdo entre Argentina y Brasil por el cupo de exportaciones que desde hace a\u00f1os impone el pa\u00eds vecino.<\/p>\n","protected":false},"author":5,"featured_media":0,"comment_status":"closed","ping_status":"closed","sticky":false,"template":"","format":"standard","meta":[],"categories":[46],"tags":[249,342,705,706],"_links":{"self":[{"href":"http:\/\/rurallascolonias.com.ar\/index.php?rest_route=\/wp\/v2\/posts\/1751"}],"collection":[{"href":"http:\/\/rurallascolonias.com.ar\/index.php?rest_route=\/wp\/v2\/posts"}],"about":[{"href":"http:\/\/rurallascolonias.com.ar\/index.php?rest_route=\/wp\/v2\/types\/post"}],"author":[{"embeddable":true,"href":"http:\/\/rurallascolonias.com.ar\/index.php?rest_route=\/wp\/v2\/users\/5"}],"replies":[{"embeddable":true,"href":"http:\/\/rurallascolonias.com.ar\/index.php?rest_route=%2Fwp%2Fv2%2Fcomments&post=1751"}],"version-history":[{"count":1,"href":"http:\/\/rurallascolonias.com.ar\/index.php?rest_route=\/wp\/v2\/posts\/1751\/revisions"}],"predecessor-version":[{"id":1753,"href":"http:\/\/rurallascolonias.com.ar\/index.php?rest_route=\/wp\/v2\/posts\/1751\/revisions\/1753"}],"wp:attachment":[{"href":"http:\/\/rurallascolonias.com.ar\/index.php?rest_route=%2Fwp%2Fv2%2Fmedia&parent=1751"}],"wp:term":[{"taxonomy":"category","embeddable":true,"href":"http:\/\/rurallascolonias.com.ar\/index.php?rest_route=%2Fwp%2Fv2%2Fcategories&post=1751"},{"taxonomy":"post_tag","embeddable":true,"href":"http:\/\/rurallascolonias.com.ar\/index.php?rest_route=%2Fwp%2Fv2%2Ftags&post=1751"}],"curies":[{"name":"wp","href":"https:\/\/api.w.org\/{rel}","templated":true}]}}