{"id":1748,"date":"2014-03-17T18:26:25","date_gmt":"2014-03-17T18:26:25","guid":{"rendered":"http:\/\/rurallascolonias.com.ar\/?p=1748"},"modified":"2014-03-17T18:26:25","modified_gmt":"2014-03-17T18:26:25","slug":"en-santa-fe-un-pueblo-paso-de-una-feroz-sequia-a-una-gran-inundacion","status":"publish","type":"post","link":"http:\/\/rurallascolonias.com.ar\/?p=1748","title":{"rendered":"EN SANTA FE, UN PUEBLO PAS\u00d3 DE UNA FEROZ SEQU\u00cdA A UNA GRAN INUNDACI\u00d3N"},"content":{"rendered":"<div><a href=\"http:\/\/rurallascolonias.com.ar\/wp-content\/uploads\/2014\/03\/Nochero.jpg\"><img loading=\"lazy\" class=\"aligncenter size-full wp-image-1749\" alt=\"Nochero\" src=\"http:\/\/rurallascolonias.com.ar\/wp-content\/uploads\/2014\/03\/Nochero.jpg\" width=\"240\" height=\"160\" \/><\/a>El Nochero, ubicado al noroeste de Santa Fe, sufr\u00eda hasta fines de febrero por la falta de agua y desde hace una semana lucha para superar anegamientos en campos y casas.<!--more--><\/div>\n<div><\/div>\n<div>\n<p align=\"justify\">De la peor sequ\u00eda de los \u00faltimos 20 a\u00f1os a la actual inundaci\u00f3n que a\u00edsla, social y econ\u00f3micamente. El cambio clim\u00e1tico modific\u00f3 dr\u00e1sticamente la situaci\u00f3n de un pueblo del olvidado norte santafecino.<br \/>\nLo sufre El Nochero, tambi\u00e9n conocido como Gregoria P\u00e9rez de Denis, departamento 9 de Julio, ubicado 434 kil\u00f3metros al noroeste de esta capital, pr\u00f3ximo al l\u00edmite tripartito que conforman Santa Fe, Chaco y Santiago del Estero.<br \/>\nEl Nochero se debat\u00eda a fines de febrero \u00faltimo por subsistir en medio de una de las mayores sequ\u00edas de su historia, y sus habitantes clamaban por agua para consumo humano y animal, que desde diferentes zonas de la geograf\u00eda provincial acercaban grupos de ayuda.<br \/>\nDesde hace una semana, sus barrios ofrecen una cara diametralmente opuesta y sus 2000 habitantes ven que su futuro est\u00e1 comprometido por la\u00a0\u00a0inundaci\u00f3n que provocaron lluvias de gran volumen en la zona y en el extremo sudeste de la provincia de Santiago del Estero.<br \/>\n\u00abEn la \u00faltima semana de febrero lleg\u00f3 la lluvia. La gran mayor\u00eda de las localidades del departamento se beneficiaron, mientras que nuestra localidad sufri\u00f3 los efectos de las abundantes precipitaciones. El 24 de febrero recibimos una lluvia de 270 mil\u00edmetros y dos d\u00edas despu\u00e9s cayeron otros 30 mil\u00edmetros. Despu\u00e9s, hubo lluvias de entre 40 y 60 mil\u00edmetros. Pero al mismo tiempo llovieron 411 mil\u00edmetros en el paraje El Cuadrado, provincia de Santiago del Estero, que por declive natural escurre hacia nuestro pueblo\u00bb, explic\u00f3 a LA NACION el presidente comunal de esa localidad santafecina, Fernando D\u00edaz.<br \/>\n\u00abEse caudal pas\u00f3 sobre la ruta interprovincial 35, que nos separa de Santiago del Estero, y tap\u00f3 caminos, campos y, en algunos casos, ingres\u00f3 en los domicilios. Todav\u00eda sigue drenando el agua desde all\u00e1 y por consiguiente nosotros seguimos teniendo agua en nuestro distrito, donde el viernes pasado volvi\u00f3 a llover\u00bb, ampli\u00f3 el jefe comunal.<br \/>\nAnte una consulta, Fernando D\u00edaz sostuvo que todo ese caudal de agua desemboca en el este de la comuna, en un lugar que se llama la Ca\u00f1ada de las V\u00edboras, un bajo grande que muchas veces sirve de reserva para el pueblo.<br \/>\n\u00abDesde Santiago (del Estero) hacia la ca\u00f1ada, el agua viene arrasando con todo lo que son los sembrados de algod\u00f3n, ma\u00edz y sorgo, y rodea al pueblo. El agua est\u00e1 pasando por canales que nosotros tenemos s\u00faper saturados, pero por suerte no rebasaron y no tuvimos ingreso hacia la localidad. Pero todo el distrito rural est\u00e1 muy complicado porque todav\u00eda viene mucha agua hacia el Este\u00bb, indic\u00f3 D\u00edaz.<br \/>\nAnte la insistencia period\u00edstica sobre las consecuencias que podr\u00eda tener la inundaci\u00f3n, el presidente comunal de El Nochero sintetiz\u00f3: \u00abSi bien es muy temprano para medir el impacto en la producci\u00f3n rural y se est\u00e1n haciendo\u00a0\u00a0todos los esfuerzos para que sea el menor posible, hasta hace seis d\u00edas el 80 por ciento de la producci\u00f3n estaba bajo el agua\u00bb.<br \/>\n\u00abLa mayor\u00eda de los (campos de) algodones y el sorgo tienen entre 40 y 50 cent\u00edmetros de agua. Pero todo est\u00e1 drenando hacia el bajo y nosotros estamos tratando de acelerar el escurrimiento para que los sembrados empiecen a liberarse\u00bb, puntualiz\u00f3.<br \/>\nEl funcionario comunal record\u00f3: \u00abVenimos desde fines de 2007 hasta hace 20 d\u00edas con emergencias y desastres por sequ\u00eda. Recibir de golpe 270 mil\u00edmetros, 30 m\u00e1s a los dos d\u00edas y cerca de 60 mil\u00edmetros en las \u00faltimas jornadas es mucho\u00bb.<br \/>\n\u00abLa ruta interprovincial est\u00e1 cortada desde hace 10 d\u00edas con 40 cent\u00edmetros de agua y todo eso es lo que est\u00e1 bajando directamente hacia el Este, donde est\u00e1 nuestra comuna\u00bb, sostuvo.<br \/>\nY remarc\u00f3: \u00abEsto no le va a servir al resto del departamento, porque el agua busca los bajos que est\u00e1n en los departamentos de Vera y General Obligado.<br \/>\nLas lluvias de la semana pasada mantuvieron altas las napas subterr\u00e1neas, por lo que es imposible ingresar a la zona rural\u00bb, concluy\u00f3 Fernando D\u00edaz.<br \/>\nEl agua no da tregua en C\u00f3rdoba<\/p>\n<p>En las \u00faltimas semanas, los cordobeses se vieron afectados por graves inundaciones en varios puntos de la provincia. Los principales r\u00edos del valle de Punilla crecieron varios metros por sobre su caudal despu\u00e9s de las lluvias del viernes y produjeron anegamientos en varias localidades. En Villa Carlos Paz, la crecida de m\u00e1s de cinco metros del arroyo Los Chorrillos inund\u00f3 la zona oeste de la ciudad, arrastr\u00f3 veh\u00edculos estacionados en la costanera y destruy\u00f3 una casa. En el valle de Punilla, Bell Ville lleva 12 d\u00edas con el agua del r\u00edo Calamuchita asediando a la ciudad. \u00abEl 25 por ciento de la localidad est\u00e1 anegada. En la zona norte hay sectores que tienen hasta un metro de agua\u00bb,\u00a0indic\u00f3 al diario La Voz del Interior, Ricardo Pederzoli, subjefe de Bomberos Voluntarios de la ciudad. En esta zona de la provincia tambi\u00e9n est\u00e1n afectadas Villa Mar\u00eda y Villa Nueva, cuyas escuelas estuvieron cerradas por el fen\u00f3meno.<\/p>\n<p align=\"justify\">Fuente:\u00a0<a title=\"La Naci\u00f3n\" href=\"http:\/\/www.lanacion.com\/\">La Naci\u00f3n<\/a><\/p>\n<\/div>\n","protected":false},"excerpt":{"rendered":"<p>El Nochero, ubicado al noroeste de Santa Fe, sufr\u00eda hasta fines de febrero por la falta de agua y desde hace una semana lucha para superar anegamientos en campos y casas.<\/p>\n","protected":false},"author":5,"featured_media":0,"comment_status":"closed","ping_status":"closed","sticky":false,"template":"","format":"standard","meta":[],"categories":[42],"tags":[704,702,119,703],"_links":{"self":[{"href":"http:\/\/rurallascolonias.com.ar\/index.php?rest_route=\/wp\/v2\/posts\/1748"}],"collection":[{"href":"http:\/\/rurallascolonias.com.ar\/index.php?rest_route=\/wp\/v2\/posts"}],"about":[{"href":"http:\/\/rurallascolonias.com.ar\/index.php?rest_route=\/wp\/v2\/types\/post"}],"author":[{"embeddable":true,"href":"http:\/\/rurallascolonias.com.ar\/index.php?rest_route=\/wp\/v2\/users\/5"}],"replies":[{"embeddable":true,"href":"http:\/\/rurallascolonias.com.ar\/index.php?rest_route=%2Fwp%2Fv2%2Fcomments&post=1748"}],"version-history":[{"count":1,"href":"http:\/\/rurallascolonias.com.ar\/index.php?rest_route=\/wp\/v2\/posts\/1748\/revisions"}],"predecessor-version":[{"id":1750,"href":"http:\/\/rurallascolonias.com.ar\/index.php?rest_route=\/wp\/v2\/posts\/1748\/revisions\/1750"}],"wp:attachment":[{"href":"http:\/\/rurallascolonias.com.ar\/index.php?rest_route=%2Fwp%2Fv2%2Fmedia&parent=1748"}],"wp:term":[{"taxonomy":"category","embeddable":true,"href":"http:\/\/rurallascolonias.com.ar\/index.php?rest_route=%2Fwp%2Fv2%2Fcategories&post=1748"},{"taxonomy":"post_tag","embeddable":true,"href":"http:\/\/rurallascolonias.com.ar\/index.php?rest_route=%2Fwp%2Fv2%2Ftags&post=1748"}],"curies":[{"name":"wp","href":"https:\/\/api.w.org\/{rel}","templated":true}]}}