{"id":17412,"date":"2019-03-25T10:28:06","date_gmt":"2019-03-25T10:28:06","guid":{"rendered":"http:\/\/rurallascolonias.com.ar\/?p=17412"},"modified":"2019-03-25T17:30:57","modified_gmt":"2019-03-25T17:30:57","slug":"urge-mejorar-1-800-km-de-caminos-rurales-en-el-centro-santafesino","status":"publish","type":"post","link":"http:\/\/rurallascolonias.com.ar\/?p=17412","title":{"rendered":"URGE MEJORAR 1.800 km DE CAMINOS RURALES EN EL CENTRO SANTAFESINO"},"content":{"rendered":"<p><em><b><a href=\"http:\/\/rurallascolonias.com.ar\/?attachment_id=17413\" rel=\"attachment wp-att-17413\"><img loading=\"lazy\" class=\"aligncenter size-full wp-image-17413\" src=\"http:\/\/rurallascolonias.com.ar\/wp-content\/uploads\/2019\/03\/nodo-pilar-caminos-2.jpg\" alt=\"\" width=\"400\" height=\"225\" srcset=\"http:\/\/rurallascolonias.com.ar\/wp-content\/uploads\/2019\/03\/nodo-pilar-caminos-2.jpg 400w, http:\/\/rurallascolonias.com.ar\/wp-content\/uploads\/2019\/03\/nodo-pilar-caminos-2-300x169.jpg 300w\" sizes=\"(max-width: 400px) 100vw, 400px\" \/><\/a>Seg\u00fan un relevamiento del Nodo Pilar, en los departamentos Castellanos y Las Colonias esta acci\u00f3n mejorar\u00eda el desarrollo de 83 comunidades<\/b><\/em><!--more--><\/p>\n<p style=\"font-weight: 400;\">Por Elida Thiery (Agrofy News) &#8211;\u00a0El Nodo Pilar es una forma de articulaci\u00f3n p\u00fablica-privada que surgi\u00f3 luego del Congreso de Crea en el a\u00f1o 2013, entendiendo que con la fusi\u00f3n se puede \u201cconseguir una una mejor sociedad, que pueda trascender\u201d, as\u00ed comenz\u00f3 explicando la iniciativa el gerente de la Cooperativa Guillermo Lehmann, Gonzalo Turri, ayer por la tarde en el auditorio de la instituci\u00f3n en Pilar, en el coraz\u00f3n del Departamento Las Colonias.<\/p>\n<p style=\"font-weight: 400;\">El esfuerzo conjunto con CREA y la Universidad Nacional del Litoral a trav\u00e9s de su Facultad de Agronom\u00eda y Veterinaria, de la ciudad de Esperanza, entiende que la tarea mancomunada y articulada puede generar un real bienestar de las personas y las comunidades, con mayor impacto directo.<br \/>\nLa primera iniciativa del Nodo Pilar hab\u00eda sido el de relevar entre 2014 y 2015 a 24 empresas de la regi\u00f3n, con 33 tambos, para poder dimensionar el circuito econ\u00f3mico-financiero de la actividad, su capacidad de generar empleo y todo lo que trascend\u00eda el \u00e1mbito rural.<br \/>\n\u201cEl tambo es una industria que en una comunidad de 5.500 habitantes genera leche para 180 mil personas, 700 puestos de trabajo y un circuito financiero de 42 millones de d\u00f3lares\u00a0al a\u00f1o\u201d, explic\u00f3 Turri, para a\u00f1adir que \u201clos caminos son fundamentales para desarrollar la actividad\u201d, es por eso que se convirtieron en el segundo eje tem\u00e1tico del Nodo.\u00a0A partir de junio de 2016 se hicieron talleres cuatrimestrales con presidentes comunales e intendentes interesados en el tema para poder avanzar en un relevamiento.<\/p>\n<p style=\"font-weight: 400;\">\u201cEn los \u00faltimos cuatro a\u00f1os hubo en la regi\u00f3n tres eventos clim\u00e1ticos excepcionales que refuerzan el concepto de mirar a la gente m\u00e1s all\u00e1 de la mirada productivista de los caminos rurales\u201d, concluy\u00f3 Turri, d\u00e1ndole lugar a Diego Lescano, de los Consorcios Regionales Agr\u00edcolas Santa Fe Centro.<br \/>\n\u201cNos focalizamos en la red terciaria de caminos de los dos departamentos santafesinos, Castellanos y Las Colonias, analizando por distrito las necesidades, por eso aqu\u00ed detallamos la problem\u00e1tica, sobresaliendo las implicancias, porque en la agenda p\u00fablica los caminos rurales no son tenidos en cuenta\u201d.<\/p>\n<p style=\"font-weight: 400;\">S\u00f3lo un seis por ciento de la hacienda del pa\u00eds corresponde al rodeo de tambo, pero en estos dos distritos del centro santafesino, el 61 por ciento de animales se destinan a la producci\u00f3n de leche.<\/p>\n<p style=\"font-weight: 400;\">\u201cLa actividad lechera necesita caminos para llegar a los tambos, a las casas y a toda la infraestructura\u201d, por tal motivo se involucraron en el trabajo 30 comunas, que representaron a un 36 por ciento del total de las ciudades y pueblos de los dos departamentos.<\/p>\n<p style=\"font-weight: 400;\">En los ultimos 30 a\u00f1os, 2.700 familias dejaron el \u00e1mbito rural, lo cual para los expositores \u201ces un dato alarmante\u201d, lo cual representa a 33 familias por cada localidad. Del mismo modo, se estima que la p\u00e9rdida de tambos llega a nueve unidades por distrito en los \u00faltimos 15 a\u00f1os, con mayor impacto en los \u00faltimos dos a\u00f1os<\/p>\n<p style=\"font-weight: 400;\">En el territorio hay 180 escuelas, que demuestran que los caminos tienen un fin social, adem\u00e1s del transporte de producci\u00f3n, porque con servicios m\u00ednimos es muy dif\u00edcil conseguir la radicaci\u00f3n en el \u00e1mbito rural. De los 628.510 kil\u00f3metros de caminos que hay en nuestro pa\u00eds, m\u00e1s de 415 mil son parte de la red terciaria.<\/p>\n<p>En los dos departamentos relevados los 12.834 kil\u00f3metros de la red terciaria, el 9,8 por ciento presenta mejorado o arenado, obras realizadas con aportes de contribuciones por mejoras de productores y gobiernos locales; mientras que el 20 por ciento de los trazos de las 83 localidades se consideran perdidos. El 30 por ciento e los caminos transitables necesita limpieza y renovaci\u00f3n de cunetas y en esto se marc\u00f3 desde Crea que \u201cmuchas veces no tenemos las condiciones adecuadas por nosotros mismos en el entorno de los campos\u201d, sabiendo que la mayor\u00eda de las alcantarillas existentes est\u00e1n rotas o directamente son insuficientes.<br \/>\nDe 12.800 kil\u00f3metros se necesita consolidar con mejoras a 3.610 kilometros, siendo fundamentales la mitad de esa cifra. En tanto, 190 kil\u00f3metros se precisan como prioritarios para conectar a 20 localidades con pavimento\u00a0al resto de las rutas disponibles.<\/p>\n<p>Lescano entiende que \u201cel tema de los caminos no es s\u00f3lo una cuesti\u00f3n de recursos\u201d, dejando entrever que lo que se precisa m\u00e1s es la decisi\u00f3n de avanzar, ya que si se tiene en cuenta solamente la producci\u00f3n de soja en los \u00faltimos cinco a\u00f1os en ambos departamentos, se recolectaron 1.250.000 toneladas que a un valor de 330 d\u00f3lares por tonelada, generaron 295 millones de d\u00f3lares.<\/p>\n<p>Por lo tanto para hacer los 1.800 kil\u00f3metros de caminos terciarios necesarios, s\u00f3lo se deber\u00eda invertir de ese total un 4,5 por ciento anual, por cinco a\u00f1os. Si se tomaran el resto de las producciones de los distritos, el c\u00e1lculo podr\u00eda llegar casi a lo que es una comisi\u00f3n comercial, con un dos por ciento de aportes totales al a\u00f1o y por cinco per\u00edodos.<\/p>\n<p>\u201cTenemos el relevamiento, la tecnolog\u00eda y los recursos.\u00a0Lo que nosotros planteamos es que de ahora en adelante la integraci\u00f3n p\u00fablico-privada, el liderazgo regional, pueden marcar la diferencia entre seguir en el tercer mundo sin caminos a un nivel de desarrollo distinto, porque es simplemente un problema de infraestructura\u201d, apunt\u00f3 Lescano.<\/p>\n<p>A su tiempo, el rector de la Universidad Nacional del Litoral puso de relieve que lo que se present\u00f3 \u201ces un ejemplo de rep\u00fablica, porque es entender que gobiernos, privados e instituciones podemos trabajar juntos y visibilizar una problem\u00e1tica\u201d, ya que \u201cintendentes y presidentes comunales permitieron una valoraci\u00f3n social y no pol\u00edtica, porque es un tema importante para todos\u201d.<\/p>\n<p><em>Enrique<\/em>\u00a0Mammarella\u00a0concluy\u00f3 que \u201ceste trabajo tiene que ser la base para poder empezar a resolver los problemas, que no son de recursos, ni por decisiones individuales, sino que dependen de un trabajo mancomunado por un objetivo\u201d.<\/p>\n<p>Presente en el encuentro, el senador por Las Colonias, Rub\u00e9n Pirola reconoci\u00f3 que a la iniciativa se le podr\u00eda dar curso en la Legislatura, sin embargo algunas tareas ya se podr\u00edan poner en marcha a trav\u00e9s de la reasignaci\u00f3n de recursos que ya est\u00e1n legislados en Santa Fe.<\/p>\n","protected":false},"excerpt":{"rendered":"<p>Seg\u00fan un relevamiento del Nodo Pilar, en los departamentos Castellanos y Las Colonias esta acci\u00f3n mejorar\u00eda el desarrollo de 83 comunidades<\/p>\n","protected":false},"author":5,"featured_media":0,"comment_status":"open","ping_status":"open","sticky":false,"template":"","format":"standard","meta":[],"categories":[1394],"tags":[4197],"_links":{"self":[{"href":"http:\/\/rurallascolonias.com.ar\/index.php?rest_route=\/wp\/v2\/posts\/17412"}],"collection":[{"href":"http:\/\/rurallascolonias.com.ar\/index.php?rest_route=\/wp\/v2\/posts"}],"about":[{"href":"http:\/\/rurallascolonias.com.ar\/index.php?rest_route=\/wp\/v2\/types\/post"}],"author":[{"embeddable":true,"href":"http:\/\/rurallascolonias.com.ar\/index.php?rest_route=\/wp\/v2\/users\/5"}],"replies":[{"embeddable":true,"href":"http:\/\/rurallascolonias.com.ar\/index.php?rest_route=%2Fwp%2Fv2%2Fcomments&post=17412"}],"version-history":[{"count":1,"href":"http:\/\/rurallascolonias.com.ar\/index.php?rest_route=\/wp\/v2\/posts\/17412\/revisions"}],"predecessor-version":[{"id":17414,"href":"http:\/\/rurallascolonias.com.ar\/index.php?rest_route=\/wp\/v2\/posts\/17412\/revisions\/17414"}],"wp:attachment":[{"href":"http:\/\/rurallascolonias.com.ar\/index.php?rest_route=%2Fwp%2Fv2%2Fmedia&parent=17412"}],"wp:term":[{"taxonomy":"category","embeddable":true,"href":"http:\/\/rurallascolonias.com.ar\/index.php?rest_route=%2Fwp%2Fv2%2Fcategories&post=17412"},{"taxonomy":"post_tag","embeddable":true,"href":"http:\/\/rurallascolonias.com.ar\/index.php?rest_route=%2Fwp%2Fv2%2Ftags&post=17412"}],"curies":[{"name":"wp","href":"https:\/\/api.w.org\/{rel}","templated":true}]}}