{"id":17369,"date":"2019-02-25T10:53:29","date_gmt":"2019-02-25T10:53:29","guid":{"rendered":"http:\/\/rurallascolonias.com.ar\/?p=17369"},"modified":"2019-02-25T19:58:30","modified_gmt":"2019-02-25T19:58:30","slug":"pirola-sobre-la-emergencia-agropecuaria-es-una-medida-que-solicitamos-como-asi-tambien-propongo-mejorar-la-ley","status":"publish","type":"post","link":"http:\/\/rurallascolonias.com.ar\/?p=17369","title":{"rendered":"PIROLA SOBRE LA EMERGENCIA AGROPECUARIA: \u201cEs una medida que solicitamos, como as\u00ed tambi\u00e9n propongo mejorar la ley\u201d"},"content":{"rendered":"<h2 class=\"post-subtitle\"><em><a href=\"http:\/\/rurallascolonias.com.ar\/?attachment_id=17370\" rel=\"attachment wp-att-17370\"><img loading=\"lazy\" class=\"aligncenter size-full wp-image-17370\" src=\"http:\/\/rurallascolonias.com.ar\/wp-content\/uploads\/2019\/02\/pirola.jpg\" alt=\"\" width=\"284\" height=\"178\" \/><\/a>El senador provincial se refiri\u00f3 a la inclusi\u00f3n de Las Colonias en la emergencia y en la necesidad de mejorar la ley de ayuda<\/em><\/h2>\n<p>El representante por Las Colonias confirm\u00f3 que el ejecutivo provincial declar\u00f3 la emergencia agropecuaria, medida que en su momento solicit\u00f3,\u00a0<em>\u201cUna decisi\u00f3n necesaria pero entiendo no suficiente, insisto en la urgencia de profundizar el tema, de evolucionar hacia una ley mucho mejor que acompa\u00f1e de manera mucho m\u00e1s eficaz este tipo de contingencias\u201d<\/em>\u00a0comenz\u00f3 a explicar el Senador Pirola.<\/p>\n<p><strong>Hay que aumentar partidas:<\/strong><br \/>\n<em>\u201cPor unanimidad el proyecto de mi autor\u00eda que fue aprobado solicita que el Poder Ejecutivo Provincial realice las acciones y gestiones necesarias ante el Poder Ejecutivo Nacional y el Congreso Nacional para considerar un \u201caumento en las partidas y recursos econ\u00f3micos del Fondo Nacional para la Mitigaci\u00f3n de Emergencias y Desastres Agropecuarios (FONEDA)\u201d, creado por el art\u00edculo 17\u00ba de la Ley Nacional N\u00ba 26.509.\u201d<\/em>\u00a0confirmo Pirola.<\/p>\n<p><strong>Evolucionar la ley de emergencias en extraordinarias:<\/strong><br \/>\nY luego a\u00f1adi\u00f3\u00a0<em>\u201cDecir adem\u00e1s que insisto en que el poder Ejecutivo incluya en el temario de sesiones extraordinarias el proyecto de mi autor\u00eda que plantea una nueva ley de \u00a0emergencia y o desastre con pol\u00edticas activas para el sector a lo largo del tiempo y no s\u00f3lo ante los eventos puntuales.\u201d<\/em><\/p>\n<p><strong>Crear una herramienta eficaz:<\/strong><br \/>\nLas reformas propuestas a la Ley N\u00ba 11.297 y modificatorias de Emergencia Agropecuaria buscan incorporar una autorizaci\u00f3n al Poder Ejecutivo para gestionar y licitar el otorgamiento de \u201cl\u00edneas de cr\u00e9dito para los productores afectados en condiciones que puedan ser afrontadas por los mismos\u201d.<\/p>\n<p>A su vez, \u201cse prev\u00e9 el otorgamiento de un subsidio en la tasa acordada y se constituye un Fondo Especial con recursos provenientes del Impuesto Inmobiliario a fin de posibilitar la financiaci\u00f3n de los costos de las medidas que se promueven\u201d.<\/p>\n<p>Se crea, adem\u00e1s, el Programa de Asistencia a Productores Agropecuarios situados en zonas declaradas en estado de emergencia agropecuaria y\/o desastre; con una Comisi\u00f3n de Seguimiento integrada por tres (3) senadores, tres (3) diputados y dos (2) miembros designados por el Poder Ejecutivo, la que tendr\u00e1 a su cargo la evaluaci\u00f3n de la implementaci\u00f3n del Programa.<\/p>\n<p>Los factores clim\u00e1ticos adversos son una constante en los \u00faltimos tiempos, habiendo provocado numerosas declaraciones de emergencia y desastre en el territorio provincial, motivadas tanto por sequ\u00edas como por abundantes excedentes h\u00eddricos y pluviales.<\/p>\n<p>Por ello, mediante esta iniciativa,\u00a0<em>\u201cse pretende alcanzar al Poder Ejecutivo nuevas opciones para brindar apoyo a las regiones afectadas\u201d, tomando como experiencia los Programas Ganaderos y Lecheros instrumentados entre los a\u00f1os 2005 y 2008 que \u201chan resultado de exitosa implementaci\u00f3n\u201d.<\/em><\/p>\n<p><strong>M\u00e1s info v\u00eda WhatsApp:<\/strong><br \/>\nQuienes quieran saber m\u00e1s de la ley de emergencia o sumarse a la iniciativa del Senador Pirola y su equipo de trabajo para mantener un contacto directo y fluido pueden enviar su nombre y apellido al +54 9 342\u00a0 5390021<\/p>\n<p>Fuente: EDXD<\/p>\n<p><!--more--><\/p>\n","protected":false},"excerpt":{"rendered":"<p>El senador provincial se refiri\u00f3 a la inclusi\u00f3n de Las Colonias en la emergencia y en la necesidad de mejorar la ley de ayuda El representante por Las Colonias confirm\u00f3 que el ejecutivo provincial declar\u00f3 la emergencia agropecuaria, medida que en su momento solicit\u00f3,\u00a0\u201cUna decisi\u00f3n necesaria pero entiendo no suficiente, insisto en la urgencia de [&hellip;]<\/p>\n","protected":false},"author":5,"featured_media":0,"comment_status":"open","ping_status":"open","sticky":false,"template":"","format":"standard","meta":[],"categories":[1393,1394],"tags":[747,844],"_links":{"self":[{"href":"http:\/\/rurallascolonias.com.ar\/index.php?rest_route=\/wp\/v2\/posts\/17369"}],"collection":[{"href":"http:\/\/rurallascolonias.com.ar\/index.php?rest_route=\/wp\/v2\/posts"}],"about":[{"href":"http:\/\/rurallascolonias.com.ar\/index.php?rest_route=\/wp\/v2\/types\/post"}],"author":[{"embeddable":true,"href":"http:\/\/rurallascolonias.com.ar\/index.php?rest_route=\/wp\/v2\/users\/5"}],"replies":[{"embeddable":true,"href":"http:\/\/rurallascolonias.com.ar\/index.php?rest_route=%2Fwp%2Fv2%2Fcomments&post=17369"}],"version-history":[{"count":1,"href":"http:\/\/rurallascolonias.com.ar\/index.php?rest_route=\/wp\/v2\/posts\/17369\/revisions"}],"predecessor-version":[{"id":17371,"href":"http:\/\/rurallascolonias.com.ar\/index.php?rest_route=\/wp\/v2\/posts\/17369\/revisions\/17371"}],"wp:attachment":[{"href":"http:\/\/rurallascolonias.com.ar\/index.php?rest_route=%2Fwp%2Fv2%2Fmedia&parent=17369"}],"wp:term":[{"taxonomy":"category","embeddable":true,"href":"http:\/\/rurallascolonias.com.ar\/index.php?rest_route=%2Fwp%2Fv2%2Fcategories&post=17369"},{"taxonomy":"post_tag","embeddable":true,"href":"http:\/\/rurallascolonias.com.ar\/index.php?rest_route=%2Fwp%2Fv2%2Ftags&post=17369"}],"curies":[{"name":"wp","href":"https:\/\/api.w.org\/{rel}","templated":true}]}}