{"id":17363,"date":"2019-02-23T21:44:06","date_gmt":"2019-02-23T21:44:06","guid":{"rendered":"http:\/\/rurallascolonias.com.ar\/?p=17363"},"modified":"2019-02-23T21:44:06","modified_gmt":"2019-02-23T21:44:06","slug":"en-el-dia-del-tambero","status":"publish","type":"post","link":"http:\/\/rurallascolonias.com.ar\/?p=17363","title":{"rendered":"EN EL D\u00cdA DEL TAMBERO"},"content":{"rendered":"<p><em><strong><a href=\"http:\/\/rurallascolonias.com.ar\/?attachment_id=17364\" rel=\"attachment wp-att-17364\"><img loading=\"lazy\" class=\"aligncenter size-full wp-image-17364\" src=\"http:\/\/rurallascolonias.com.ar\/wp-content\/uploads\/2019\/02\/dia-del-tambero.jpg\" alt=\"\" width=\"800\" height=\"467\" srcset=\"http:\/\/rurallascolonias.com.ar\/wp-content\/uploads\/2019\/02\/dia-del-tambero.jpg 800w, http:\/\/rurallascolonias.com.ar\/wp-content\/uploads\/2019\/02\/dia-del-tambero-300x175.jpg 300w, http:\/\/rurallascolonias.com.ar\/wp-content\/uploads\/2019\/02\/dia-del-tambero-768x448.jpg 768w, http:\/\/rurallascolonias.com.ar\/wp-content\/uploads\/2019\/02\/dia-del-tambero-600x350.jpg 600w, http:\/\/rurallascolonias.com.ar\/wp-content\/uploads\/2019\/02\/dia-del-tambero-624x364.jpg 624w\" sizes=\"(max-width: 800px) 100vw, 800px\" \/><\/a>Nuestro reconocimiento\u00a0 a los trabajadores lecheros por incansable labor diario<\/strong><\/em><!--more--><\/p>\n<p>El 23 de febrero se celebra en Argentina el #D\u00edadelTambero en conmemoraci\u00f3n a la creaci\u00f3n en 1920 de la\u00a0<a href=\"http:\/\/www.frenteagropecuario.com.ar\/entidades\/union-general-de-tamberos-ugt.html\" target=\"_blank\" rel=\"noopener noreferrer\">Uni\u00f3n General de Tamberos<\/a>, entidad gremial de productores lecheros argentinos.<\/p>\n<p>La fecha fue dispuesta a trav\u00e9s del Decreto N\u00ba 3192 del 03 de abril de 1968, por el Ministerio de Asuntos Agrarios de la Provincia de Buenos Aires. Con esta celebraci\u00f3n reconocemos a todos los\u00a0<strong>trabajadores del tambo<\/strong>\u00a0que con su labor contribuyen al desarrollo de una industria tan importante del pa\u00eds como lo es la lechera.<\/p>\n","protected":false},"excerpt":{"rendered":"<p>Nuestro reconocimiento\u00a0 a los trabajadores lecheros por incansable labor diario<\/p>\n","protected":false},"author":5,"featured_media":0,"comment_status":"open","ping_status":"open","sticky":false,"template":"","format":"standard","meta":[],"categories":[1],"tags":[],"_links":{"self":[{"href":"http:\/\/rurallascolonias.com.ar\/index.php?rest_route=\/wp\/v2\/posts\/17363"}],"collection":[{"href":"http:\/\/rurallascolonias.com.ar\/index.php?rest_route=\/wp\/v2\/posts"}],"about":[{"href":"http:\/\/rurallascolonias.com.ar\/index.php?rest_route=\/wp\/v2\/types\/post"}],"author":[{"embeddable":true,"href":"http:\/\/rurallascolonias.com.ar\/index.php?rest_route=\/wp\/v2\/users\/5"}],"replies":[{"embeddable":true,"href":"http:\/\/rurallascolonias.com.ar\/index.php?rest_route=%2Fwp%2Fv2%2Fcomments&post=17363"}],"version-history":[{"count":1,"href":"http:\/\/rurallascolonias.com.ar\/index.php?rest_route=\/wp\/v2\/posts\/17363\/revisions"}],"predecessor-version":[{"id":17365,"href":"http:\/\/rurallascolonias.com.ar\/index.php?rest_route=\/wp\/v2\/posts\/17363\/revisions\/17365"}],"wp:attachment":[{"href":"http:\/\/rurallascolonias.com.ar\/index.php?rest_route=%2Fwp%2Fv2%2Fmedia&parent=17363"}],"wp:term":[{"taxonomy":"category","embeddable":true,"href":"http:\/\/rurallascolonias.com.ar\/index.php?rest_route=%2Fwp%2Fv2%2Fcategories&post=17363"},{"taxonomy":"post_tag","embeddable":true,"href":"http:\/\/rurallascolonias.com.ar\/index.php?rest_route=%2Fwp%2Fv2%2Ftags&post=17363"}],"curies":[{"name":"wp","href":"https:\/\/api.w.org\/{rel}","templated":true}]}}