{"id":17359,"date":"2019-02-22T12:50:54","date_gmt":"2019-02-22T12:50:54","guid":{"rendered":"http:\/\/rurallascolonias.com.ar\/?p=17359"},"modified":"2019-02-22T12:50:54","modified_gmt":"2019-02-22T12:50:54","slug":"vacunacion-antiaftosa-2","status":"publish","type":"post","link":"http:\/\/rurallascolonias.com.ar\/?p=17359","title":{"rendered":"VACUNACI\u00d3N ANTIAFTOSA"},"content":{"rendered":"<header class=\"entry-header\"><strong><em><a href=\"http:\/\/rurallascolonias.com.ar\/?attachment_id=17360\" rel=\"attachment wp-att-17360\"><img loading=\"lazy\" class=\"aligncenter size-full wp-image-17360\" src=\"http:\/\/rurallascolonias.com.ar\/wp-content\/uploads\/2019\/02\/vacunaci\u00f3n.jpg\" alt=\"\" width=\"259\" height=\"194\" \/><\/a>La Fundaci\u00f3n Las Colonias, para la erradicaci\u00f3n de la fiebre aftosa, comunica a los productores del Departamento Las Colonias, que el mi\u00e9rcoles 6 de marzo de 2019 dar\u00e1 inicio la 37\u00aa campa\u00f1a de vacunaci\u00f3n antiaftosa<\/em><\/strong><span id=\"more-15393\"><\/span><\/p>\n<p class=\"x_MsoNormal\">Se deber\u00e1n \u00a0vacunar todas \u00a0las categor\u00edas de bovinos y bubalinos. Tambi\u00e9n se proceder\u00e1 a la vacunaci\u00f3n contra carbunclo, en los campos que corresponda .<\/p>\n<p class=\"x_MsoNormal\">Recomendamos a los productores que se pongan en contacto con su m\u00e9dico Veterinario \u00a0para programar la vacunaci\u00f3n.<\/p>\n<p class=\"x_MsoNormal\">Solicitamos que \u00a0las instalaciones (corrales, mangas,etc)se encuentren en condiciones, para as\u00ed evitar accidentes.<\/p>\n<p class=\"x_MsoNormal\">Sociedad Rural de Las Colonias<\/p>\n<p class=\"x_MsoNormal\">\n<\/header>\n<p><!--more--><\/p>\n<div class=\"entry-content\"><\/div>\n<p class=\"x_MsoNormal\">\n<p class=\"x_MsoNormal\">\n<p class=\"x_MsoNormal\">\n","protected":false},"excerpt":{"rendered":"<p>La Fundaci\u00f3n Las Colonias, para la erradicaci\u00f3n de la fiebre aftosa, comunica a los productores del Departamento Las Colonias, que el mi\u00e9rcoles 6 de marzo de 2019 dar\u00e1 inicio la 37\u00aa campa\u00f1a de vacunaci\u00f3n antiaftosa Se deber\u00e1n \u00a0vacunar todas \u00a0las categor\u00edas de bovinos y bubalinos. Tambi\u00e9n se proceder\u00e1 a la vacunaci\u00f3n contra carbunclo, en los [&hellip;]<\/p>\n","protected":false},"author":5,"featured_media":0,"comment_status":"open","ping_status":"open","sticky":false,"template":"","format":"standard","meta":[],"categories":[29],"tags":[2312,2072],"_links":{"self":[{"href":"http:\/\/rurallascolonias.com.ar\/index.php?rest_route=\/wp\/v2\/posts\/17359"}],"collection":[{"href":"http:\/\/rurallascolonias.com.ar\/index.php?rest_route=\/wp\/v2\/posts"}],"about":[{"href":"http:\/\/rurallascolonias.com.ar\/index.php?rest_route=\/wp\/v2\/types\/post"}],"author":[{"embeddable":true,"href":"http:\/\/rurallascolonias.com.ar\/index.php?rest_route=\/wp\/v2\/users\/5"}],"replies":[{"embeddable":true,"href":"http:\/\/rurallascolonias.com.ar\/index.php?rest_route=%2Fwp%2Fv2%2Fcomments&post=17359"}],"version-history":[{"count":1,"href":"http:\/\/rurallascolonias.com.ar\/index.php?rest_route=\/wp\/v2\/posts\/17359\/revisions"}],"predecessor-version":[{"id":17361,"href":"http:\/\/rurallascolonias.com.ar\/index.php?rest_route=\/wp\/v2\/posts\/17359\/revisions\/17361"}],"wp:attachment":[{"href":"http:\/\/rurallascolonias.com.ar\/index.php?rest_route=%2Fwp%2Fv2%2Fmedia&parent=17359"}],"wp:term":[{"taxonomy":"category","embeddable":true,"href":"http:\/\/rurallascolonias.com.ar\/index.php?rest_route=%2Fwp%2Fv2%2Fcategories&post=17359"},{"taxonomy":"post_tag","embeddable":true,"href":"http:\/\/rurallascolonias.com.ar\/index.php?rest_route=%2Fwp%2Fv2%2Ftags&post=17359"}],"curies":[{"name":"wp","href":"https:\/\/api.w.org\/{rel}","templated":true}]}}