{"id":17346,"date":"2019-02-18T17:20:47","date_gmt":"2019-02-18T17:20:47","guid":{"rendered":"http:\/\/rurallascolonias.com.ar\/?p=17346"},"modified":"2019-02-18T17:20:47","modified_gmt":"2019-02-18T17:20:47","slug":"carsfe-pidio-ampliar-la-emergencia-agropecuaria-e-incluir-a-las-colonias","status":"publish","type":"post","link":"http:\/\/rurallascolonias.com.ar\/?p=17346","title":{"rendered":"CARSFE PIDI\u00d3 AMPLIAR LA EMERGENCIA AGROPECUARIA E INCLUIR A LAS COLONIAS"},"content":{"rendered":"<h2 class=\"post-subtitle\"><em><a href=\"http:\/\/rurallascolonias.com.ar\/?attachment_id=13201\" rel=\"attachment wp-att-13201\"><img loading=\"lazy\" class=\"aligncenter size-full wp-image-13201\" src=\"http:\/\/rurallascolonias.com.ar\/wp-content\/uploads\/2017\/01\/vacas-3.png\" alt=\"\" width=\"300\" height=\"300\" srcset=\"http:\/\/rurallascolonias.com.ar\/wp-content\/uploads\/2017\/01\/vacas-3.png 300w, http:\/\/rurallascolonias.com.ar\/wp-content\/uploads\/2017\/01\/vacas-3-150x150.png 150w\" sizes=\"(max-width: 300px) 100vw, 300px\" \/><\/a>\u201cHemos pedido que se incorporen a la emergencia otros distritos, sobre todo el este de San Crist\u00f3bal, San Justo, gran parte de San Javier, una parte de La Capital, Las Colonias, San Mart\u00edn, San Jer\u00f3nimo y Belgrano\u201d, explicaron dirigentes de la entidad ruralista durante la \u00faltima reuni\u00f3n con Lifschitz<\/em><\/h2>\n<p><!--more--><\/p>\n<p>En l\u00edneas generales, el encuentro transcurri\u00f3 sobre temas en los cuales hubo bastantes acuerdos. No as\u00ed en la problem\u00e1tica del agua, su impacto en el campo santafesino, y las maneras en las que tanto el campo como el Gobierno provincial entienden que se debe manejar el tema.<\/p>\n<p>El Dr. Ignacio M\u00e1ntaras se explay\u00f3 en este sentido, recordando que hab\u00edan invitado al gobernador en diciembre \u201cpara compartir visiones\u201d y \u201cver qu\u00e9 cosas se podr\u00edan llegar a hacer en el \u00faltimo a\u00f1o de la gesti\u00f3n\u201d. Pero lleg\u00f3 enero con sus lluvias, y -obviamente- el primer tema abordado fue el h\u00eddrico y vial.<\/p>\n<p>\u201cLe hicimos saber a trav\u00e9s de las 10 comisiones todas nuestras inquietudes. En este tema Carsfe entiende que Santa Fe no tiene una verdadera pol\u00edtica de Estado, y si bien se ha hecho bastante, todav\u00eda falta mucho\u201d.<\/p>\n<p>M\u00e1ntaras destac\u00f3 que en cuanto a los avances, la constituci\u00f3n de los Comit\u00e9s Interjurisdiccionales con las macrocuencas compartidas con otras provincias, adem\u00e1s de la sanci\u00f3n de la ley de aguas no son un tema menor. \u201cPero creemos que sigue ausente un plan de manejo integral de aguas en toda la provincia desde el punto de vista h\u00eddrico, productivo, ambiental, con planes que sean discutidos con todos los actores, y en donde todos se puedan adue\u00f1ar de dicho plan\u201d.<\/p>\n<p>Y agreg\u00f3: \u201csi ese plan existe no lo conocemos, y tampoco podemos adecuar nuestras empresas agropecuarias a un plan que no existe. Ese es nuestro principal contrapunto, ya que el gobernador no est\u00e1 de acuerdo con la mirada de Carsfe.<\/p>\n<p>\u00c9l sostiene que existe una pol\u00edtica clara y definida, lo mismo con el secretario de RRHH, con quien tenemos diferencias de visi\u00f3n, ya que creemos que si bien se han hecho cosas son insuficientes y nos remitimos a los acontecimientos clim\u00e1ticos de estos tiempos, que vemos que en la emergencia hay una respuesta del Estado, pero vemos que en cuanto a la planificaci\u00f3n es lenta\u201d, critic\u00f3. Y opin\u00f3 que tal vez el problema \u201ces de mayor magnitud de lo que se dice, pero entendemos que se requiere un manejo de agua con una autoridad bien definida, bien amplia\u201d.<\/p>\n<p>En ese sentido remarc\u00f3 que plantearon que el Ente H\u00eddrico Productivo y Ambiental sea el \u00f3rgano que fije la pol\u00edtica del agua en la provincia y que trascienda los gobiernos. \u201cEntendemos que eso le iba a dar un perfil de pol\u00edtica de Estado al tema productivo, h\u00eddrico y ambiental, pero eso se puso en marcha de manera consultiva y no vinculante, y all\u00ed radican nuestras diferencias claras\u201d.<\/p>\n<p><strong>El impacto del agua<\/strong><\/p>\n<p>En este sentido, especific\u00f3 que lo m\u00e1s perjudicado sigue siendo el norte (9 de julio, Vera y Gral. Obligado). \u201cHemos pedido que se incorporen a la emergencia otros distritos, y la semana que viene podr\u00eda haber novedades: sobre todo el este de San Crist\u00f3bal, San Justo en gran medida, gran parte de San Javier, alguna parte de La Capital, algo de Las Colonias, y los dptos. San Mart\u00edn, San Jer\u00f3nimo y Belgrano, que fueron muy afectados por las lluvias de diciembre con una gran parte de la superficie sin sembrar. Toda la actividad ganadera y agr\u00edcola en cultivos de segunda que no se pudieron implantar, donde el da\u00f1o ya est\u00e1 hecho\u201d.<\/p>\n<p><strong>Tasa rural y consorcios camineros<\/strong><\/p>\n<p>En este tema, el ruralista expres\u00f3 que \u201cclaramente no funciona y creemos que la provincia debe intervenir\u201d, al especificar que \u201ccada comuna la aplica a su manera, discrecionalmente, y que no vuelve al mantenimiento de los caminos. El sistema no est\u00e1 funcionando, hemos avanzado en un relevamiento y se detectaron muchas irregularidades que la provincia conoce, pero se respeta la autonom\u00eda de las comunas\u201d.<\/p>\n<p>Respecto de esto, sostuvo que \u201cno tenemos caminos adecuados en toda la provincia\u201d. Y que en su momento se habl\u00f3 de consorcios hidro viales y consorcios camineros, y que el mismo gobernador le dio un est\u00edmulo grande con la participaci\u00f3n de los productores. \u201cPero entendemos que un productor asume roles de funcionario p\u00fablico asumiendo con su patrimonio ad honorem y con una contribuci\u00f3n de los frentistas, que si las comunas no ceden ser\u00eda un doble gravamen\u201d.<\/p>\n<p><strong>Agenda integrada<\/strong><\/p>\n<p>En el encuentro tambi\u00e9n se habl\u00f3 de la ley de envases y de fitosanitarios. \u201cRespecto de esto \u00faltimo apoyamos una modernizaci\u00f3n de la ley, aunque la ministra entiende que se puede avanzar en le marco de las BPA\u201d. Finalmente, se incluyeron temas como lecher\u00eda ( y sus mercados institucionalizados), porcinos, y el Plan M\u00e1s Terneros (que se puede hacer m\u00e1s con toda la cadena). En definitiva, \u201ctodo lo que sea pol\u00edtica de arraigo que implica desarrollo y que apoyamos.<\/p>\n<p>Ese fue el principal mensaje que compartimos con el gobernador: un modelo de provincia con un desarrollo en su interior que hay que apuntalar\u201d. Y cerr\u00f3 afirmando que Santa Fe \u201cpor sus caracter\u00edsticas tiene que estar a la vanguardia del pa\u00eds y no lo est\u00e1, esa debe ser un pol\u00edtica de Estado desde lo sanitario y productivo, trabajando con la Naci\u00f3n, articulando los organismos provinciales y nacionales y en esa articulaci\u00f3n las entidades tenemos la responsabilidad de insistir con temas que algunos son de vieja data. Nosotros seguimos defendiendo la realidad de los productores\u201d.<\/p>\n<p><strong>Nuevo Banco \u201camigo\u201d<\/strong><\/p>\n<p>Respecto del anuncio en este tema, M\u00e1ntaras asegur\u00f3 que \u201cvolver a un banco p\u00fablico es un proceso largo, y la principal duda es saber c\u00f3mo se va a fondear el mismo, si es con mayores impuestos o de d\u00f3nde. En el mientras tanto se va a crear un fideicomiso o fondo de garant\u00edas con fines productivos, y eso nos parece m\u00e1s din\u00e1mico e interesante, justo este a\u00f1o es la renegociaci\u00f3n con el agente financiero y esperemos que podamos contar con un agente financiero m\u00e1s amigo de la producci\u00f3n ya que hoy no es as\u00ed\u201d.<\/p>\n<p>Por Federico Aguer \/ Cronista Las Colonias<\/p>\n","protected":false},"excerpt":{"rendered":"<p>\u201cHemos pedido que se incorporen a la emergencia otros distritos, sobre todo el este de San Crist\u00f3bal, San Justo, gran parte de San Javier, una parte de La Capital, Las Colonias, San Mart\u00edn, San Jer\u00f3nimo y Belgrano\u201d, explicaron dirigentes de la entidad ruralista durante la \u00faltima reuni\u00f3n con Lifschitz<\/p>\n","protected":false},"author":5,"featured_media":0,"comment_status":"open","ping_status":"open","sticky":false,"template":"","format":"standard","meta":[],"categories":[1394],"tags":[120,747,2796,264],"_links":{"self":[{"href":"http:\/\/rurallascolonias.com.ar\/index.php?rest_route=\/wp\/v2\/posts\/17346"}],"collection":[{"href":"http:\/\/rurallascolonias.com.ar\/index.php?rest_route=\/wp\/v2\/posts"}],"about":[{"href":"http:\/\/rurallascolonias.com.ar\/index.php?rest_route=\/wp\/v2\/types\/post"}],"author":[{"embeddable":true,"href":"http:\/\/rurallascolonias.com.ar\/index.php?rest_route=\/wp\/v2\/users\/5"}],"replies":[{"embeddable":true,"href":"http:\/\/rurallascolonias.com.ar\/index.php?rest_route=%2Fwp%2Fv2%2Fcomments&post=17346"}],"version-history":[{"count":1,"href":"http:\/\/rurallascolonias.com.ar\/index.php?rest_route=\/wp\/v2\/posts\/17346\/revisions"}],"predecessor-version":[{"id":17347,"href":"http:\/\/rurallascolonias.com.ar\/index.php?rest_route=\/wp\/v2\/posts\/17346\/revisions\/17347"}],"wp:attachment":[{"href":"http:\/\/rurallascolonias.com.ar\/index.php?rest_route=%2Fwp%2Fv2%2Fmedia&parent=17346"}],"wp:term":[{"taxonomy":"category","embeddable":true,"href":"http:\/\/rurallascolonias.com.ar\/index.php?rest_route=%2Fwp%2Fv2%2Fcategories&post=17346"},{"taxonomy":"post_tag","embeddable":true,"href":"http:\/\/rurallascolonias.com.ar\/index.php?rest_route=%2Fwp%2Fv2%2Ftags&post=17346"}],"curies":[{"name":"wp","href":"https:\/\/api.w.org\/{rel}","templated":true}]}}