{"id":17330,"date":"2019-02-11T16:03:08","date_gmt":"2019-02-11T16:03:08","guid":{"rendered":"http:\/\/rurallascolonias.com.ar\/?p=17330"},"modified":"2019-02-11T16:03:08","modified_gmt":"2019-02-11T16:03:08","slug":"del-tambo-a-la-gondola-la-leche-aumenta-mas-del-300-por-ciento","status":"publish","type":"post","link":"http:\/\/rurallascolonias.com.ar\/?p=17330","title":{"rendered":"DEL TAMBO A LA G\u00d3NDOLA, LA LECHE AUMENTA M\u00c1S DEL 300 POR CIENTO"},"content":{"rendered":"<div class=\"featured_caption\"><strong><em><a href=\"http:\/\/rurallascolonias.com.ar\/?attachment_id=12600\" rel=\"attachment wp-att-12600\"><img loading=\"lazy\" class=\"aligncenter size-full wp-image-12600\" src=\"http:\/\/rurallascolonias.com.ar\/wp-content\/uploads\/2016\/11\/g\u00f3ndola.jpg\" alt=\"\" width=\"300\" height=\"300\" srcset=\"http:\/\/rurallascolonias.com.ar\/wp-content\/uploads\/2016\/11\/g\u00f3ndola.jpg 300w, http:\/\/rurallascolonias.com.ar\/wp-content\/uploads\/2016\/11\/g\u00f3ndola-150x150.jpg 150w\" sizes=\"(max-width: 300px) 100vw, 300px\" \/><\/a>La opini\u00f3n de la gente, como era de esperar, fue muy cr\u00edtica, sobre todo a quienes tiene hoy la autoridad de controlar \u201clos precios pero que no se esmeran para nada\u201d, apunt\u00f3 Carmen<\/em><\/strong><\/div>\n<p><!--more--><\/p>\n<div class=\"featured_caption\"><\/div>\n<div class=\"single-articles\">\n<div class=\"excerpt-home\">\n<p>El consumidor final en S\u00e1enz Pe\u00f1a llega a pagar el litro de algunas marcas a 47 pesos, aunque el promedio general en la mayor\u00eda de los locales comerciales es 32.<\/p>\n<p>ras unos d\u00edas de incertidumbre en algunos supermercados del medio, donde se dijo que hubo un faltante de uno de los productos b\u00e1sico en la alimentaci\u00f3n de los ni\u00f1os, como es la leche, lleg\u00f3 con precio nuevo y se llega a pagar en algunos supermercados hasta 47 pesos por cada litro, siendo el promedio general de 32.<\/p>\n<p>La crisis de los productores lecheros tras las inundaciones que azotaron gran parte del norte argentino, se profundiz\u00f3 en los \u00faltimos meses y el precio de la leche, por estos d\u00edas sigue siendo uno de los principales problemas, que la dirigencia pol\u00edtica gobernante no le encuentra una soluci\u00f3n a esta cuesti\u00f3n, cuando se la ve\u00eda venir.<\/p>\n<p>Otro de los interrogantes, que supieron plantear algunos de los consultados, entre uno de ellos un productor ganadero que estaba en un local comercial al momento de la consulta de NORTE, afirm\u00f3 que la amplia diferencia entre los precios abonados a los productores y los pagados por los consumidores es la punta del iceberg. Como consecuencia de ello, el que terminan perdiendo en todo esto es el consumidor final, y que golpea fuertemente en los estratos sociales m\u00e1s bajo. \u201cHoy lo urgente es el precio y despu\u00e9s lo necesario es un cambio estructural, no se puede seguir haciendo pagar todo a la gente, hay sectores que est\u00e1n muy vulnerables\u201d, critic\u00f3 el ganadero de esta ciudad.<\/p>\n<p>Calidad, inalcanzable<\/p>\n<p>En la recorrida que pudo hacer NORTE por algunos supermercados para corroborar el faltante de este alimento tan necesario para la ni\u00f1ez, y sobre todo precio, una encargada de una reconocida cadena comercial del medio confirm\u00f3 la cuesti\u00f3n de un faltante hace una semana, pero tambi\u00e9n afirm\u00f3 que \u201cen sesenta d\u00edas el producto aument\u00f3 alrededor del 50 por ciento para algunas marcas\u201d, contest\u00f3. \u201cHoy la gente ya no lleva marcas, al menos la mayor\u00eda, solo lo que pueden comprar, y eso se da en todo, no solo en los comestibles, tambi\u00e9n sucede con los art\u00edculos de limpieza y de higiene, en estos \u00faltimo es lo que m\u00e1s se nota\u201d, dijo.<\/p>\n<p>Seg\u00fan estim\u00f3 la mujer, en cuanto al faltante de leche que se pudo suponer que se debi\u00f3 todo a las inundaciones que se vienen registrando en gran parte del norte del pa\u00eds, manifest\u00f3 que ante la gran demanda y la poca oferta, ya que por el cierre de algunas pasteurizadoras de leche, todo aument\u00f3.<\/p>\n<p>En tal sentido, la encargada del supermercado dijo que lamentablemente cada vez que \u201cllega el cami\u00f3n con las mercader\u00edas sobre todo comestibles, vienen con aumentos, y esto se da semanalmente\u201d, afirm\u00f3.<\/p>\n<p>Los precios y las quejas<\/p>\n<p>La variaci\u00f3n entre el precio de origen y destino final que son las g\u00f3ndolas de la leche, se llega a incrementar por encima del trescientos por ciento, en profundidad y se podr\u00eda llegar a decir en letra fina, que los eslabones primarios en esta cadena son los que menos ganan. \u201cHay impuestos que son sumamente innecesarios\u201d, explic\u00f3 un supermercadista del medio, quien pidi\u00f3 la reserva del caso.<\/p>\n<p>Se pudo constatar que el costo para el consumidor del litro de leche entera fresca en diciembre fue de $21,85 una de primera marca, ayer esa misma ten\u00eda un costo de 28,50. Otra de primera marca, hace 60 d\u00edas, 23,70 hace dos d\u00edas, 31,20. De lo que se desprende que para algunas marcas la remarcaci\u00f3n en el precio, estos dos \u00faltimos meses, estuvo holgadamente por encima del 50 por ciento.<\/p>\n<p>Se estima que al productor se le abon\u00f3 en el mismo mes, entre 8 a 9,50, en promedio por litro de leche cruda en el pa\u00eds. De esta manera, la brecha entre el precio del litro de leche de la g\u00f3ndola y la tranquera supera el 300 por ciento.<\/p>\n<p>Los eternos perjudicados<\/p>\n<p>Analizando el precio que se pagaba cada litro de leche de cualquier marca, el pasado mes de diciembre de 2018, y febrero de este a\u00f1o, se puede observar una suba pronunciada en el promedio de 52,5 por ciento, estimado.<\/p>\n<p>L\u00f3gicamente los m\u00e1s perjudicados son los de siempre, el consumidor final, sobre todo una gran franja de la poblaci\u00f3n de clase social m\u00e1s baja, donde hay un promedio de tres ni\u00f1os en edad de consumir leche, y son precisamente esas familias las m\u00e1s vulnerables.<\/p>\n<p>El caso de Carmen una ama de casa que se dispon\u00eda a comprar uno de sus alimentos diarios como es la leche, manifest\u00f3 muy amargadamente por toda la remarcaci\u00f3n en los precios de todo lo que tiene que ver con la canasta de alimentos, ya no se puede comprar nada, lamento. \u201cNo puede ser que algunas marcas en supermercados de la ciudad el precio del litro de leche descremada este m\u00e1s de 45 pesos, es cosa de locos, comer en este pa\u00eds, ya es un lujo de pocos\u201d, refut\u00f3 Carmen.<\/p>\n<p>Por otra parte, Ramiro Cardozo un vecino del barrio Lamadrid, dijo que todo esto es culpa de falta de pol\u00edticas de un gobierno que \u201cno tiene el m\u00ednimo inter\u00e9s en la gente, sobre todo los que m\u00e1s necesitamos\u201d, reproch\u00f3. \u201cLo \u00fanico que le interesa a los de Buenos Aires \u2013en referencia al presidente- es juntar plata de toda clase de impuestos, sin que nos podamos beneficiar en algo, todo est\u00e1 cada d\u00eda m\u00e1s impagable, las changas que uno hace no alcanzan para comer, menos para pagar las dem\u00e1s cosas\u201d, finaliz\u00f3.<\/p>\n<p><span class=\"color-blue\">Fuente\u00a0<\/span><b><a href=\"http:\/\/www.diarionorte.com\/article\/176031\/del-tambo-a-la-gondola-la-leche-aumenta-mas-del-300-por-ciento\" target=\"_blank\" rel=\"noopener noreferrer\">Diario Norte<\/a><\/b><\/p>\n<\/div>\n<div class=\"single-article-meta\"><\/div>\n<\/div>\n","protected":false},"excerpt":{"rendered":"<p>La opini\u00f3n de la gente, como era de esperar, fue muy cr\u00edtica, sobre todo a quienes tiene hoy la autoridad de controlar \u201clos precios pero que no se esmeran para nada\u201d, apunt\u00f3 Carmen<\/p>\n","protected":false},"author":5,"featured_media":0,"comment_status":"open","ping_status":"open","sticky":false,"template":"","format":"standard","meta":[],"categories":[14],"tags":[318,1474,47,1157],"_links":{"self":[{"href":"http:\/\/rurallascolonias.com.ar\/index.php?rest_route=\/wp\/v2\/posts\/17330"}],"collection":[{"href":"http:\/\/rurallascolonias.com.ar\/index.php?rest_route=\/wp\/v2\/posts"}],"about":[{"href":"http:\/\/rurallascolonias.com.ar\/index.php?rest_route=\/wp\/v2\/types\/post"}],"author":[{"embeddable":true,"href":"http:\/\/rurallascolonias.com.ar\/index.php?rest_route=\/wp\/v2\/users\/5"}],"replies":[{"embeddable":true,"href":"http:\/\/rurallascolonias.com.ar\/index.php?rest_route=%2Fwp%2Fv2%2Fcomments&post=17330"}],"version-history":[{"count":1,"href":"http:\/\/rurallascolonias.com.ar\/index.php?rest_route=\/wp\/v2\/posts\/17330\/revisions"}],"predecessor-version":[{"id":17331,"href":"http:\/\/rurallascolonias.com.ar\/index.php?rest_route=\/wp\/v2\/posts\/17330\/revisions\/17331"}],"wp:attachment":[{"href":"http:\/\/rurallascolonias.com.ar\/index.php?rest_route=%2Fwp%2Fv2%2Fmedia&parent=17330"}],"wp:term":[{"taxonomy":"category","embeddable":true,"href":"http:\/\/rurallascolonias.com.ar\/index.php?rest_route=%2Fwp%2Fv2%2Fcategories&post=17330"},{"taxonomy":"post_tag","embeddable":true,"href":"http:\/\/rurallascolonias.com.ar\/index.php?rest_route=%2Fwp%2Fv2%2Ftags&post=17330"}],"curies":[{"name":"wp","href":"https:\/\/api.w.org\/{rel}","templated":true}]}}