{"id":1728,"date":"2014-03-14T15:51:16","date_gmt":"2014-03-14T15:51:16","guid":{"rendered":"http:\/\/rurallascolonias.com.ar\/?p=1728"},"modified":"2014-03-14T15:51:16","modified_gmt":"2014-03-14T15:51:16","slug":"piden-la-ampliacion-del-fondo-algodonero-para-santa-fe","status":"publish","type":"post","link":"http:\/\/rurallascolonias.com.ar\/?p=1728","title":{"rendered":"PIDEN LA AMPLIACI\u00d3N DEL FONDO ALGODONERO PARA SANTA FE"},"content":{"rendered":"<p><a href=\"http:\/\/rurallascolonias.com.ar\/wp-content\/uploads\/2014\/03\/fondo-algodonero.jpg\"><img loading=\"lazy\" class=\"aligncenter size-full wp-image-1729\" alt=\"fondo algodonero\" src=\"http:\/\/rurallascolonias.com.ar\/wp-content\/uploads\/2014\/03\/fondo-algodonero.jpg\" width=\"306\" height=\"165\" srcset=\"http:\/\/rurallascolonias.com.ar\/wp-content\/uploads\/2014\/03\/fondo-algodonero.jpg 306w, http:\/\/rurallascolonias.com.ar\/wp-content\/uploads\/2014\/03\/fondo-algodonero-300x161.jpg 300w\" sizes=\"(max-width: 306px) 100vw, 306px\" \/><\/a>Susana Garc\u00eda, autora del proyecto, se\u00f1al\u00f3 la inequidad que significa que Santa Fe reciba s\u00f3lo el 4% siendo que la provincia de Santa Fe produce el 24% del algod\u00f3n del pa\u00eds.<!--more--><\/p>\n<p>La C\u00e1mara de Diputados de la Provincia de Santa Fe aprob\u00f3 el Proyecto de la Diputada Susana Garc\u00eda -CC-ARI- por el cual se solicita que los legisladores nacionales intervengan a favor de la ampliaci\u00f3n del Fondo Algodonero.<\/p>\n<p>El Fondo Algodonero, constitu\u00eddo por la Ley Nacional 26.060 desde el a\u00f1o 2005, es para las Provincias productoras de algod\u00f3n. Su monto se fij\u00f3 en $50.000.000 y Santa Fe adhiri\u00f3 a la misma a trav\u00e9s de la Ley 12.548 en el a\u00f1o 2006.<\/p>\n<p>Susana Garc\u00eda, autora del proyecto, se\u00f1al\u00f3 la inequidad que significa que Santa Fe reciba s\u00f3lo el 4% del mismo siendo que la provincia de Santa Fe produce el 24% del algod\u00f3n del pa\u00eds. \u201cEl incremento del Fondo Algodonero ayudar\u00eda a fortalecer esta econom\u00eda regional de suma importancia en nuestra Provincia\u201d, explic\u00f3 la Diputada.<\/p>\n<p>Fuente: Infocampo<\/p>\n<p>&nbsp;<\/p>\n","protected":false},"excerpt":{"rendered":"<p>Susana Garc\u00eda, autora del proyecto, se\u00f1al\u00f3 la inequidad que significa que Santa Fe reciba s\u00f3lo el 4% siendo que la provincia de Santa Fe produce el 24% del algod\u00f3n del pa\u00eds.<\/p>\n","protected":false},"author":5,"featured_media":0,"comment_status":"closed","ping_status":"closed","sticky":false,"template":"","format":"standard","meta":[],"categories":[18],"tags":[696,264,119,695],"_links":{"self":[{"href":"http:\/\/rurallascolonias.com.ar\/index.php?rest_route=\/wp\/v2\/posts\/1728"}],"collection":[{"href":"http:\/\/rurallascolonias.com.ar\/index.php?rest_route=\/wp\/v2\/posts"}],"about":[{"href":"http:\/\/rurallascolonias.com.ar\/index.php?rest_route=\/wp\/v2\/types\/post"}],"author":[{"embeddable":true,"href":"http:\/\/rurallascolonias.com.ar\/index.php?rest_route=\/wp\/v2\/users\/5"}],"replies":[{"embeddable":true,"href":"http:\/\/rurallascolonias.com.ar\/index.php?rest_route=%2Fwp%2Fv2%2Fcomments&post=1728"}],"version-history":[{"count":1,"href":"http:\/\/rurallascolonias.com.ar\/index.php?rest_route=\/wp\/v2\/posts\/1728\/revisions"}],"predecessor-version":[{"id":1730,"href":"http:\/\/rurallascolonias.com.ar\/index.php?rest_route=\/wp\/v2\/posts\/1728\/revisions\/1730"}],"wp:attachment":[{"href":"http:\/\/rurallascolonias.com.ar\/index.php?rest_route=%2Fwp%2Fv2%2Fmedia&parent=1728"}],"wp:term":[{"taxonomy":"category","embeddable":true,"href":"http:\/\/rurallascolonias.com.ar\/index.php?rest_route=%2Fwp%2Fv2%2Fcategories&post=1728"},{"taxonomy":"post_tag","embeddable":true,"href":"http:\/\/rurallascolonias.com.ar\/index.php?rest_route=%2Fwp%2Fv2%2Ftags&post=1728"}],"curies":[{"name":"wp","href":"https:\/\/api.w.org\/{rel}","templated":true}]}}