{"id":1720,"date":"2014-03-14T11:27:28","date_gmt":"2014-03-14T11:27:28","guid":{"rendered":"http:\/\/rurallascolonias.com.ar\/?p=1720"},"modified":"2014-03-14T11:27:28","modified_gmt":"2014-03-14T11:27:28","slug":"el-gobierno-vive-de-absurdos","status":"publish","type":"post","link":"http:\/\/rurallascolonias.com.ar\/?p=1720","title":{"rendered":"\u00abEl gobierno vive de absurdos\u00bb"},"content":{"rendered":"<p><a href=\"http:\/\/rurallascolonias.com.ar\/wp-content\/uploads\/2013\/12\/FERRERO.png\"><img loading=\"lazy\" class=\"alignleft size-full wp-image-302\" alt=\"FERRERO\" src=\"http:\/\/rurallascolonias.com.ar\/wp-content\/uploads\/2013\/12\/FERRERO.png\" width=\"259\" height=\"194\" \/><\/a>El presidente de CRA, Rub\u00e9n Ferrero, duro con el Ejecutivo dijo que es \u00abincre\u00edble que llame la atenci\u00f3n que un gobierno acompa\u00f1e al campo\u00bb<!--more--><\/p>\n<p>El presidente de CRA, Rub\u00e9n Ferrero, estuvo presente en Expoagro y particip\u00f3 del corte de cinta inaugural de la muestra junto a gobernadores, autoridades de la muestra, dirigentes rurales y empresarios.<\/p>\n<p>&nbsp;<\/p>\n<p>&nbsp;<\/p>\n<p>&nbsp;<\/p>\n<p><b>En relaci\u00f3n a la presencia de los gobernadores de Buenos Aires, Daniel Scioli, de la provincia de Santa Fe, el socialista Antonio Bonfatti, y de C\u00f3rdoba, el peronista Jos\u00e9 Manuel de la Sota, Ferrero dijo que \u00abesperamos que en las pr\u00f3ximas Expoagro est\u00e9n presentes la presidenta o el presidente, acompa\u00f1ando a un sector tan importante como es el agro. Es incre\u00edble, pero no deber\u00eda llamar la atenci\u00f3n que los gobiernos acompa\u00f1en al campo, a la producci\u00f3n agropecuaria\u201d.<\/b><\/p>\n<p>&nbsp;<\/p>\n<p>&nbsp;<\/p>\n<p>&nbsp;<\/p>\n<p><b>En ese mismo sentido dijo que \u201cel gobierno nacional ha llevado cabo muchos absurdos como el de no acompa\u00f1ar a los productores agropecuarios y al campo. O negar la realidad con la inflaci\u00f3n o lo que sucede en materia energ\u00e9tica. Para el gobierno es muy dif\u00edcil reconocer los errores\u201d.<\/b><\/p>\n<p>&nbsp;<\/p>\n<p>&nbsp;<\/p>\n<p>&nbsp;<\/p>\n<p>Con respecto al enfrentamiento con el gobierno dijo que \u201csin dudas hay un pase de factura, porque el campo junto a todo las comunidades del interior, le puso freno a la resoluci\u00f3n 125\u201d.<\/p>\n<p>&nbsp;<\/p>\n<p>&nbsp;<\/p>\n<p>&nbsp;<\/p>\n<p><b>Sobre Expoagro Rub\u00e9n Ferrero manifest\u00f3 que \u201cla realidad es que el productor por un lado tiene alcance a la tecnolog\u00eda y el mundo nos demanda alimentos. Por otro lado el estancamiento productivo nada tiene que ver con el relato de los r\u00e9cords productivos que anuncia el gobierno de toneladas, de kilos de carnes o de litros de leche. La verdad es que se est\u00e1 estancando y hay grandes ca\u00eddas en las econom\u00edas regionales\u201d.\u00a0<\/b><\/p>\n<div>\n<div>Agritotal.com<\/div>\n<\/div>\n","protected":false},"excerpt":{"rendered":"<p>El presidente de CRA, Rub\u00e9n Ferrero, duro con el Ejecutivo dijo que es \u00abincre\u00edble que llame la atenci\u00f3n que un gobierno acompa\u00f1e al campo\u00bb<\/p>\n","protected":false},"author":5,"featured_media":0,"comment_status":"closed","ping_status":"closed","sticky":false,"template":"","format":"standard","meta":[],"categories":[42,33],"tags":[561,373],"_links":{"self":[{"href":"http:\/\/rurallascolonias.com.ar\/index.php?rest_route=\/wp\/v2\/posts\/1720"}],"collection":[{"href":"http:\/\/rurallascolonias.com.ar\/index.php?rest_route=\/wp\/v2\/posts"}],"about":[{"href":"http:\/\/rurallascolonias.com.ar\/index.php?rest_route=\/wp\/v2\/types\/post"}],"author":[{"embeddable":true,"href":"http:\/\/rurallascolonias.com.ar\/index.php?rest_route=\/wp\/v2\/users\/5"}],"replies":[{"embeddable":true,"href":"http:\/\/rurallascolonias.com.ar\/index.php?rest_route=%2Fwp%2Fv2%2Fcomments&post=1720"}],"version-history":[{"count":1,"href":"http:\/\/rurallascolonias.com.ar\/index.php?rest_route=\/wp\/v2\/posts\/1720\/revisions"}],"predecessor-version":[{"id":1721,"href":"http:\/\/rurallascolonias.com.ar\/index.php?rest_route=\/wp\/v2\/posts\/1720\/revisions\/1721"}],"wp:attachment":[{"href":"http:\/\/rurallascolonias.com.ar\/index.php?rest_route=%2Fwp%2Fv2%2Fmedia&parent=1720"}],"wp:term":[{"taxonomy":"category","embeddable":true,"href":"http:\/\/rurallascolonias.com.ar\/index.php?rest_route=%2Fwp%2Fv2%2Fcategories&post=1720"},{"taxonomy":"post_tag","embeddable":true,"href":"http:\/\/rurallascolonias.com.ar\/index.php?rest_route=%2Fwp%2Fv2%2Ftags&post=1720"}],"curies":[{"name":"wp","href":"https:\/\/api.w.org\/{rel}","templated":true}]}}