{"id":17150,"date":"2018-11-29T19:29:25","date_gmt":"2018-11-29T19:29:25","guid":{"rendered":"http:\/\/rurallascolonias.com.ar\/?p=17150"},"modified":"2018-11-29T20:32:24","modified_gmt":"2018-11-29T20:32:24","slug":"sancor-replantea-su-esquema-de-distribucion-nacional","status":"publish","type":"post","link":"http:\/\/rurallascolonias.com.ar\/?p=17150","title":{"rendered":"SANCOR REPLANTEA SU ESQUEMA DE DISTRIBUCI\u00d3N NACIONAL"},"content":{"rendered":"<p><em><strong><a href=\"http:\/\/rurallascolonias.com.ar\/?attachment_id=17151\" rel=\"attachment wp-att-17151\"><img loading=\"lazy\" class=\"aligncenter size-full wp-image-17151\" src=\"http:\/\/rurallascolonias.com.ar\/wp-content\/uploads\/2018\/11\/san-cor-camion-distribucion.jpg\" alt=\"\" width=\"640\" height=\"312\" srcset=\"http:\/\/rurallascolonias.com.ar\/wp-content\/uploads\/2018\/11\/san-cor-camion-distribucion.jpg 640w, http:\/\/rurallascolonias.com.ar\/wp-content\/uploads\/2018\/11\/san-cor-camion-distribucion-300x146.jpg 300w, http:\/\/rurallascolonias.com.ar\/wp-content\/uploads\/2018\/11\/san-cor-camion-distribucion-600x293.jpg 600w, http:\/\/rurallascolonias.com.ar\/wp-content\/uploads\/2018\/11\/san-cor-camion-distribucion-624x304.jpg 624w\" sizes=\"(max-width: 640px) 100vw, 640px\" \/><\/a>A partir de la aprobaci\u00f3n de la venta total del negocio de frescos y el desprendimiento de dos plantas la Cooperativa redefine su estructura y cierra la distribuci\u00f3n de Bah\u00eda Blanca<\/strong><\/em><\/p>\n<p style=\"font-weight: 400;\">SanCor aprob\u00f3 hace casi un mes una nueva estructura y est\u00e1 avanzando en ese reordenamiento.<\/p>\n<p style=\"font-weight: 400;\">En las \u00faltimas horas se conoci\u00f3 la decisi\u00f3n de cerrar el Centro de Distribuci\u00f3n Bah\u00eda Blanca como un paso m\u00e1s en este camino de concentraci\u00f3n del negocio lechero.<\/p>\n<p style=\"font-weight: 400;\">Hace varios meses que la Cooperativa ya no hace leche fresca en sachet y con la venta de la totalidad del negocio de los productos frescos, como flanes, postres y yogures a Alimentos Refrigerados SA, comienza a replantear los esquemas y plazos de distribuci\u00f3n. Al no tener la urgencia de los productos perecederos, ciertos puntos en todo el pa\u00eds ya resultan obsoletos para el abastecimiento.<\/p>\n<p style=\"font-weight: 400;\">Si bien hubo versiones sobre despidos, a todos los empleados del Centro Bah\u00eda Blanca se les ofrecieron dos alternativas, la reubicaci\u00f3n en otra planta, con traslados; y el retiro voluntario. De no preferir ninguna de las dos alternativas si existe la chance de una desvinculaci\u00f3n.<\/p>\n<p style=\"font-weight: 400;\">Seg\u00fan pudo saber Agrofy, SanCor est\u00e1 cumpliendo con un redimensionamiento de la log\u00edstica y la distribuci\u00f3n respecto a la nueva capacidad productiva de la Cooperativa. Ya lo anticip\u00e1bamos hace algunas semanas que el negocio tendr\u00e1 a seis plantas y a la marca de manera absoluta, en un esquema que fortalecer\u00e1 otros y nuevos productos, que no dejar\u00e1 de lado la posibilidad de otras negociaciones habida cuenta de la reducci\u00f3n de la cantidad de dependencias, recursos humanos y la salida del negocio de frescos.<\/p>\n<p style=\"font-weight: 400;\">En el esquema de traspasos, tambi\u00e9n dejar\u00e1 de ser parte de la Cooperativa el Centro de Distribuci\u00f3n C\u00f3rdoba que quedar\u00e1 bajo la \u00f3rbita de ARSA.<\/p>\n<p style=\"font-weight: 400;\">Para que toda la fuerza est\u00e9 puesta en el nuevo horizonte a\u00fan falta, ya que lo que se est\u00e1 haciendo ahora es preparar la nueva estructura. Si bien no ser\u00e1 p\u00fablica, la firma del traspaso de dos plantas y dos marcas a Adecoagro no ser\u00e1 inmediata, sino que se dar\u00eda con el inicio de 2019, para lo cual tanto la firma que desembarca en el procesamiento de materia prima, como la Cooperativa siguen trabajando en la transici\u00f3n.<\/p>\n<p style=\"font-weight: 400;\">En el caso del queso blanco Mendicrim, se seguir\u00e1 produciendo en la planta de Arenaza, propiedad ya de ARSA. Esta semana algunos empleados fueron sorprendidos por el cambio de esquema y cantidades producidas, pero eso depende de la necesidad de abastecer a la demanda, hecho que puede ir fluctuando por el consumo o por la necesidad de generar m\u00e1s soporte a otros productos, ocasionalmente. De todas maneras, es destacable que Mendicrim es un producto fundamental en el portfolio de SanCor y de ninguna manera se va a discontinuar, tal es as\u00ed que fue clave en la negociaci\u00f3n de los \u00faltimos meses con quienes quer\u00edan avanzar sobre la Cooperativa.<\/p>\n<p style=\"font-weight: 400;\">Finalmente se aguarda la homologaci\u00f3n de los Acuerdos Preventivos Extrajudiciales antes del inicio de la feria judicial, a partir de lo cual comenzar\u00e1 a pagarse la deuda de SanCor, para lo cual ayudar\u00e1 la decisi\u00f3n de AFIP publicada el viernes en el Bolet\u00edn Oficial,\u00a0Resoluci\u00f3n General N\u00b0 4341\/2018, que dispone hasta 60 cuotas para regularizar deudas con el organismo, que en este caso rondan los 3,1 millones de pesos.<\/p>\n<p style=\"font-weight: 400;\">\n<p>Por Elida Thiery (Agrofy News)<!--more--><\/p>\n","protected":false},"excerpt":{"rendered":"<p>A partir de la aprobaci\u00f3n de la venta total del negocio de frescos y el desprendimiento de dos plantas la Cooperativa redefine su estructura y cierra la distribuci\u00f3n de Bah\u00eda Blanca SanCor aprob\u00f3 hace casi un mes una nueva estructura y est\u00e1 avanzando en ese reordenamiento. En las \u00faltimas horas se conoci\u00f3 la decisi\u00f3n de [&hellip;]<\/p>\n","protected":false},"author":5,"featured_media":0,"comment_status":"open","ping_status":"open","sticky":false,"template":"","format":"standard","meta":[],"categories":[42],"tags":[89,4170,4169,598],"_links":{"self":[{"href":"http:\/\/rurallascolonias.com.ar\/index.php?rest_route=\/wp\/v2\/posts\/17150"}],"collection":[{"href":"http:\/\/rurallascolonias.com.ar\/index.php?rest_route=\/wp\/v2\/posts"}],"about":[{"href":"http:\/\/rurallascolonias.com.ar\/index.php?rest_route=\/wp\/v2\/types\/post"}],"author":[{"embeddable":true,"href":"http:\/\/rurallascolonias.com.ar\/index.php?rest_route=\/wp\/v2\/users\/5"}],"replies":[{"embeddable":true,"href":"http:\/\/rurallascolonias.com.ar\/index.php?rest_route=%2Fwp%2Fv2%2Fcomments&post=17150"}],"version-history":[{"count":1,"href":"http:\/\/rurallascolonias.com.ar\/index.php?rest_route=\/wp\/v2\/posts\/17150\/revisions"}],"predecessor-version":[{"id":17152,"href":"http:\/\/rurallascolonias.com.ar\/index.php?rest_route=\/wp\/v2\/posts\/17150\/revisions\/17152"}],"wp:attachment":[{"href":"http:\/\/rurallascolonias.com.ar\/index.php?rest_route=%2Fwp%2Fv2%2Fmedia&parent=17150"}],"wp:term":[{"taxonomy":"category","embeddable":true,"href":"http:\/\/rurallascolonias.com.ar\/index.php?rest_route=%2Fwp%2Fv2%2Fcategories&post=17150"},{"taxonomy":"post_tag","embeddable":true,"href":"http:\/\/rurallascolonias.com.ar\/index.php?rest_route=%2Fwp%2Fv2%2Ftags&post=17150"}],"curies":[{"name":"wp","href":"https:\/\/api.w.org\/{rel}","templated":true}]}}