{"id":1713,"date":"2014-03-13T17:51:11","date_gmt":"2014-03-13T17:51:11","guid":{"rendered":"http:\/\/rurallascolonias.com.ar\/?p=1713"},"modified":"2014-03-13T17:51:11","modified_gmt":"2014-03-13T17:51:11","slug":"la-cadena-lactea-se-reune-con-el-minagri","status":"publish","type":"post","link":"http:\/\/rurallascolonias.com.ar\/?p=1713","title":{"rendered":"LA CADENA L\u00c1CTEA SE RE\u00daNE CON EL MINAGRI"},"content":{"rendered":"<div><a href=\"http:\/\/rurallascolonias.com.ar\/wp-content\/uploads\/2014\/03\/cadena-l\u00e1ctea.jpg\"><img loading=\"lazy\" class=\"aligncenter size-full wp-image-1714\" alt=\"cadena l\u00e1ctea\" src=\"http:\/\/rurallascolonias.com.ar\/wp-content\/uploads\/2014\/03\/cadena-l\u00e1ctea.jpg\" width=\"160\" height=\"88\" \/><\/a>El martes tiene cita en el Minagri la cadena l\u00e1ctea, despu\u00e9s de dos meses. La lecher\u00eda abri\u00f3 una puerta, la de intercambiar posturas.<!--more--><\/div>\n<div><\/div>\n<div>\n<p>Fue a principios de enero que antes que la avalancha inflacionaria y devaluadora caiga sobre la realidad econ\u00f3mica argentina visible por el Gobierno, el \u00e9nfasis de las reuniones con las cadenas productivas parec\u00eda tener el \u00edmpetu de una nueva administraci\u00f3n. Pero la energ\u00eda dur\u00f3 poco, porque los n\u00fameros y el peso mismo de lo cotidiano ameritaron un trabajo en otro sentido.<\/p>\n<p>Sin embargo, en ese momento la lecher\u00eda abr\u00eda una puerta, la de intercambiar posturas. Una industria preocupada con ganas de facturar m\u00e1s, tamberos pidiendo precio y con baja cantidad de materia prima en los establecimientos, un Estado soporizado que ped\u00eda crecer al siete por ciento, mientras que en el pa\u00eds hace diez a\u00f1os que se mantiene la producci\u00f3n absolutamente estancada. As\u00ed se hab\u00edan dado las cosas y supuestamente en dos semanas se iba a dar una nueva reuni\u00f3n.<\/p>\n<p>Pero los tiempos son laxos para este Gobierno, mucho m\u00e1s que el de los impuntuales, que tarde pero seguro siempre llegan y cumplen, as\u00ed que la espera fue larga y reci\u00e9n para el martes pr\u00f3ximo se han citado a todos los \u00abactores de la cadena\u00bb, como tanto gusta decir el Subsecretario del \u00e1rea.<\/p>\n<p>En el medio hubo fijaciones de posturas de los productores. Las c\u00e1maras m\u00e1s afines al Ejecutivo siguen contentas por la convocatoria al di\u00e1logo, aunque jam\u00e1s les resuelvan las inc\u00f3gnitas ni los problemas. Por otro lado, un grupo de autoconvocados se reuni\u00f3 en Suardi hace dos semanas y esta noche lo volver\u00e1n a hacer, pidiendo un piso de 2,80 pesos por litro. El mismo d\u00eda y a pocos kil\u00f3metros, los tamberos federados sub\u00edan la apuesta con un pedido de 3,60 sobre un c\u00e1lculo sobre la cotizaci\u00f3n de las exportaciones, que mantienen a la leche en polvo por encima de los cinco mil d\u00f3lares. Aunque descubriendo una interna en la conducci\u00f3n de Federaci\u00f3n Agraria Argentina, esa cifra fue herramienta de un pedido tomado la semana anterior por la Mesa Nacional de Productores de Leche, que reforz\u00f3 la idea.<\/p>\n<p>Es as\u00ed que los integrantes de la mayor representaci\u00f3n tambera del pa\u00eds hacen una cuenta sencilla, pero tremenda.<\/p>\n<p align=\"justify\">El productor percibe en promedio 2,40 pesos por litro de leche, de funcionar bien los mercados internos, cobrar\u00eda 3,60, es por eso que en los tambos se resignar\u00e1n este a\u00f1o, no menos de 12.360.000.000 de pesos, seg\u00fan calculara la MNPL.<\/p>\n<p align=\"justify\">Claro que en la pr\u00e1ctica la industria jam\u00e1s pagar\u00e1 esta cifra, pero s\u00ed se podr\u00eda avanzar a un mayor control comercial que reparta mejor la \u00abtorta lechera\u00bb, tema al cual el Gobierno no accede, porque por m\u00e1s que se le d\u00e9 pelea a los precios con un armado de cuidados que no corrigen la inflaci\u00f3n, no es motivo tal para afectar convenios con el gran supermercadismo, por ejemplo; y as\u00ed romper v\u00ednculos y relaciones de a\u00f1os.<\/p>\n<p align=\"justify\">Mientras tanto, la semana pasada hubo un encuentro intermedio en el Ministerio de Agricultura, convocado por la Subsecretar\u00eda de Lecher\u00eda, para tratar de explicarles a las industrias la raz\u00f3n de la no extensi\u00f3n de permisos de exportaci\u00f3n, que desde mediados del a\u00f1o pasado, alcanzan a todos los productos.<\/p>\n<p align=\"justify\">Subi\u00f3 el d\u00f3lar y m\u00e1s all\u00e1 del af\u00e1n de meter m\u00e1s verdes en la caja grande, se temi\u00f3 por la famosa \u00abmesa de los argentinos\u00bb y se decidi\u00f3 restringir la emisi\u00f3n de Roes y sobre todo, armar un sistema para que ninguna empresa tenga m\u00e1s habilitaciones de venta de las conseguidas en 2013.<\/p>\n<p align=\"justify\">Un control puntual que se ir\u00e1 relajando; y no necesariamente cuando llegue abril, es el que se ejerce sobre las exportaciones de l\u00e1cteos, ser\u00e1 entonces que el pedido de crecimiento hecho hace dos meses se tenga que contradecir en la reuni\u00f3n del pr\u00f3ximo martes, cuando la realidad clim\u00e1tica, econ\u00f3mica y tambera le d\u00e9 con el hocico a las ambiciones del poder.<\/p>\n<p align=\"justify\"><strong>REQUISITOS<\/strong><\/p>\n<p align=\"justify\">Lo cierto es que la reuni\u00f3n deber\u00eda haber sido el mi\u00e9rcoles, sin embargo el Minagri puso condiciones para los asistentes, la presentaci\u00f3n de documentaci\u00f3n para poder entrar al Microcine de la cartera este martes justo al mediod\u00eda.<\/p>\n<p align=\"justify\">Ser\u00e1 el material tomado como elemento previo de an\u00e1lisis que permita arribar a conclusiones respecto de las pol\u00edticas p\u00fablicas a implementar para cumplir con las metas planteadas por el Gobierno Nacional para las principales cadenas de valor de nuestro pa\u00eds, se solicit\u00f3 un un breve documento, m\u00e1ximo de cinco p\u00e1ginas donde se explicite \u00abopini\u00f3n sobre el estado de situaci\u00f3n actual del sector, tomando como referencia la estructura y desempe\u00f1o de los diferentes segmentos que componen la cadena (producci\u00f3n primaria, industria l\u00e1ctea, distribuci\u00f3n y comercio minorista), de la producci\u00f3n de leche, del consumo del consumo interno, y de la exportaci\u00f3n de productos l\u00e1cteos. La posici\u00f3n de la instituci\u00f3n sobre el estado actual del sector debiese estar respaldada por informaci\u00f3n disponible y verificable\u00bb. Adem\u00e1s \u00abdiagn\u00f3stico sectorial, cuyo objetivo es identificar las condiciones propias del sector, de su entorno o de las pol\u00edticas aplicadas, que explican el estado de situaci\u00f3n y tendencia esperada para la cadena l\u00e1ctea nacional\u00bb.<\/p>\n<p align=\"justify\">A eso debi\u00f3 agregarse una \u00abpropuesta de pol\u00edticas que puedan ser implementadas por el Gobierno Nacional, especificando y justificando para cada una de ellas el impacto esperado, al menos en t\u00e9rminos cualitativos\u00bb, sobre la base del pedido de los objetivos anteriormente planteados por la Jefatura de Gabinete de Ministros para la cadena l\u00e1ctea argentina (sostenimiento del empleo, aumento de la producci\u00f3n y de las exportaciones).<\/p>\n<p align=\"justify\">As\u00ed de las conclusiones internas del Minagri y con el agregado de la opini\u00f3n gubernamental, se trabajar\u00e1 este martes.<\/p>\n<p align=\"justify\">Que sea con \u00e9xito.<\/p>\n<p align=\"justify\"><strong>HOY, SUARDI<\/strong><\/p>\n<p align=\"justify\">Los autoconvocados se vuelven a reunir esta noche en la Cooperativa de Tel\u00e9fonos de Suardi, a la hora 20, para seguir debatiendo la realidad regional de la lecher\u00eda, m\u00e1s a\u00fan con la contemplaci\u00f3n del factor clim\u00e1tico que avanz\u00f3 en los \u00faltimos d\u00edas y sigue complicando a muchas explotaciones.<\/p>\n<p align=\"justify\">Fuente:\u00a0<a title=\"La Opini\u00f3n de Rafaela\" href=\"http:\/\/www.laopiniononline.com\/\">La Opini\u00f3n de Rafaela<\/a><\/p>\n<\/div>\n","protected":false},"excerpt":{"rendered":"<p>El martes tiene cita en el Minagri la cadena l\u00e1ctea, despu\u00e9s de dos meses. La lecher\u00eda abri\u00f3 una puerta, la de intercambiar posturas.<\/p>\n","protected":false},"author":5,"featured_media":0,"comment_status":"closed","ping_status":"closed","sticky":false,"template":"","format":"standard","meta":[],"categories":[46],"tags":[498,692],"_links":{"self":[{"href":"http:\/\/rurallascolonias.com.ar\/index.php?rest_route=\/wp\/v2\/posts\/1713"}],"collection":[{"href":"http:\/\/rurallascolonias.com.ar\/index.php?rest_route=\/wp\/v2\/posts"}],"about":[{"href":"http:\/\/rurallascolonias.com.ar\/index.php?rest_route=\/wp\/v2\/types\/post"}],"author":[{"embeddable":true,"href":"http:\/\/rurallascolonias.com.ar\/index.php?rest_route=\/wp\/v2\/users\/5"}],"replies":[{"embeddable":true,"href":"http:\/\/rurallascolonias.com.ar\/index.php?rest_route=%2Fwp%2Fv2%2Fcomments&post=1713"}],"version-history":[{"count":1,"href":"http:\/\/rurallascolonias.com.ar\/index.php?rest_route=\/wp\/v2\/posts\/1713\/revisions"}],"predecessor-version":[{"id":1715,"href":"http:\/\/rurallascolonias.com.ar\/index.php?rest_route=\/wp\/v2\/posts\/1713\/revisions\/1715"}],"wp:attachment":[{"href":"http:\/\/rurallascolonias.com.ar\/index.php?rest_route=%2Fwp%2Fv2%2Fmedia&parent=1713"}],"wp:term":[{"taxonomy":"category","embeddable":true,"href":"http:\/\/rurallascolonias.com.ar\/index.php?rest_route=%2Fwp%2Fv2%2Fcategories&post=1713"},{"taxonomy":"post_tag","embeddable":true,"href":"http:\/\/rurallascolonias.com.ar\/index.php?rest_route=%2Fwp%2Fv2%2Ftags&post=1713"}],"curies":[{"name":"wp","href":"https:\/\/api.w.org\/{rel}","templated":true}]}}