{"id":17080,"date":"2018-11-13T18:23:04","date_gmt":"2018-11-13T18:23:04","guid":{"rendered":"http:\/\/rurallascolonias.com.ar\/?p=17080"},"modified":"2018-11-13T18:28:25","modified_gmt":"2018-11-13T18:28:25","slug":"la-sociedad-rural-de-las-colonias-renovo-autoridades","status":"publish","type":"post","link":"http:\/\/rurallascolonias.com.ar\/?p=17080","title":{"rendered":"LA SOCIEDAD RURAL DE LAS COLONIAS RENOV\u00d3 AUTORIDADES"},"content":{"rendered":"<p><em><strong> <a href=\"http:\/\/rurallascolonias.com.ar\/?attachment_id=17084\" rel=\"attachment wp-att-17084\"><img loading=\"lazy\" class=\"aligncenter wp-image-17084 size-full\" src=\"http:\/\/rurallascolonias.com.ar\/wp-content\/uploads\/2018\/11\/20181112_223638-2-e1542133163893.jpg\" alt=\"\" width=\"3096\" height=\"4128\" srcset=\"http:\/\/rurallascolonias.com.ar\/wp-content\/uploads\/2018\/11\/20181112_223638-2-e1542133163893.jpg 3096w, http:\/\/rurallascolonias.com.ar\/wp-content\/uploads\/2018\/11\/20181112_223638-2-e1542133163893-225x300.jpg 225w, http:\/\/rurallascolonias.com.ar\/wp-content\/uploads\/2018\/11\/20181112_223638-2-e1542133163893-768x1024.jpg 768w, http:\/\/rurallascolonias.com.ar\/wp-content\/uploads\/2018\/11\/20181112_223638-2-e1542133163893-600x800.jpg 600w, http:\/\/rurallascolonias.com.ar\/wp-content\/uploads\/2018\/11\/20181112_223638-2-e1542133163893-624x832.jpg 624w\" sizes=\"(max-width: 3096px) 100vw, 3096px\" \/><\/a>Como Presidente fue electo el M\u00e9d. Vet. Diego Alonso. Jos\u00e9 Zurverra contin\u00faa como Vice. En la foto el flamante Presidente junto al saliente, el\u00a0 Prof. Marcelo D\u00e1ndolo\u00a0<\/strong><\/em><!--more--><\/p>\n<p><a href=\"http:\/\/rurallascolonias.com.ar\/?attachment_id=17085\" rel=\"attachment wp-att-17085\"><img loading=\"lazy\" class=\"aligncenter wp-image-17085 size-medium\" src=\"http:\/\/rurallascolonias.com.ar\/wp-content\/uploads\/2018\/11\/IMG-20181113-WA0012-300x180.jpg\" alt=\"\" width=\"300\" height=\"180\" srcset=\"http:\/\/rurallascolonias.com.ar\/wp-content\/uploads\/2018\/11\/IMG-20181113-WA0012-300x180.jpg 300w, http:\/\/rurallascolonias.com.ar\/wp-content\/uploads\/2018\/11\/IMG-20181113-WA0012-768x461.jpg 768w, http:\/\/rurallascolonias.com.ar\/wp-content\/uploads\/2018\/11\/IMG-20181113-WA0012-1024x614.jpg 1024w, http:\/\/rurallascolonias.com.ar\/wp-content\/uploads\/2018\/11\/IMG-20181113-WA0012-600x360.jpg 600w, http:\/\/rurallascolonias.com.ar\/wp-content\/uploads\/2018\/11\/IMG-20181113-WA0012-624x374.jpg 624w, http:\/\/rurallascolonias.com.ar\/wp-content\/uploads\/2018\/11\/IMG-20181113-WA0012.jpg 1280w\" sizes=\"(max-width: 300px) 100vw, 300px\" \/><\/a>La Sociedad Rural de Las Colonias eligi\u00f3 como presidente a Diego Alonso y se renov\u00f3 parte de la Comisi\u00f3n Directiva quedando conformada de la siguiente manera:<\/p>\n<p>Presidente: Diego Alonso<\/p>\n<p>Vice Presidente: Luis Zurverra<\/p>\n<p>Secretario: Mauricio Minetti<\/p>\n<p>Pro Secretario: Walter Coraglia<\/p>\n<p>Tesorero: Jos\u00e9 Luis Alonso<\/p>\n<p>Pro Tesorero: Ricardo Hern\u00e1ndez<\/p>\n<p>Vocales:<\/p>\n<p>Marcelo D\u00e1ndolo<\/p>\n<p>Miguel Galiasso<\/p>\n<p>Federico Vionnet<\/p>\n<p>Danilo Steffens<\/p>\n<p>Hern\u00e1n Presser<\/p>\n<p>Gustavo Vionnet<\/p>\n<p>Fernando Riva<\/p>\n<p>Eric Pogliani<\/p>\n<p><a href=\"http:\/\/rurallascolonias.com.ar\/?attachment_id=17086\" rel=\"attachment wp-att-17086\"><img loading=\"lazy\" class=\"aligncenter wp-image-17086 size-medium\" src=\"http:\/\/rurallascolonias.com.ar\/wp-content\/uploads\/2018\/11\/IMG-20181113-WA0016-300x180.jpg\" alt=\"\" width=\"300\" height=\"180\" srcset=\"http:\/\/rurallascolonias.com.ar\/wp-content\/uploads\/2018\/11\/IMG-20181113-WA0016-300x180.jpg 300w, http:\/\/rurallascolonias.com.ar\/wp-content\/uploads\/2018\/11\/IMG-20181113-WA0016-768x461.jpg 768w, http:\/\/rurallascolonias.com.ar\/wp-content\/uploads\/2018\/11\/IMG-20181113-WA0016-1024x614.jpg 1024w, http:\/\/rurallascolonias.com.ar\/wp-content\/uploads\/2018\/11\/IMG-20181113-WA0016-600x360.jpg 600w, http:\/\/rurallascolonias.com.ar\/wp-content\/uploads\/2018\/11\/IMG-20181113-WA0016-624x374.jpg 624w, http:\/\/rurallascolonias.com.ar\/wp-content\/uploads\/2018\/11\/IMG-20181113-WA0016.jpg 1280w\" sizes=\"(max-width: 300px) 100vw, 300px\" \/><\/a><\/p>\n<p>&nbsp;<\/p>\n<p>&nbsp;<\/p>\n<p>&nbsp;<\/p>\n","protected":false},"excerpt":{"rendered":"<p>Como Presidente fue electo el M\u00e9d. Vet. Diego Alonso. Jos\u00e9 Zurverra contin\u00faa como Vice. En la foto el flamante Presidente junto al saliente, el\u00a0 Prof. Marcelo D\u00e1ndolo\u00a0<\/p>\n","protected":false},"author":5,"featured_media":0,"comment_status":"open","ping_status":"open","sticky":false,"template":"","format":"standard","meta":[],"categories":[2306],"tags":[4163,4164],"_links":{"self":[{"href":"http:\/\/rurallascolonias.com.ar\/index.php?rest_route=\/wp\/v2\/posts\/17080"}],"collection":[{"href":"http:\/\/rurallascolonias.com.ar\/index.php?rest_route=\/wp\/v2\/posts"}],"about":[{"href":"http:\/\/rurallascolonias.com.ar\/index.php?rest_route=\/wp\/v2\/types\/post"}],"author":[{"embeddable":true,"href":"http:\/\/rurallascolonias.com.ar\/index.php?rest_route=\/wp\/v2\/users\/5"}],"replies":[{"embeddable":true,"href":"http:\/\/rurallascolonias.com.ar\/index.php?rest_route=%2Fwp%2Fv2%2Fcomments&post=17080"}],"version-history":[{"count":5,"href":"http:\/\/rurallascolonias.com.ar\/index.php?rest_route=\/wp\/v2\/posts\/17080\/revisions"}],"predecessor-version":[{"id":17090,"href":"http:\/\/rurallascolonias.com.ar\/index.php?rest_route=\/wp\/v2\/posts\/17080\/revisions\/17090"}],"wp:attachment":[{"href":"http:\/\/rurallascolonias.com.ar\/index.php?rest_route=%2Fwp%2Fv2%2Fmedia&parent=17080"}],"wp:term":[{"taxonomy":"category","embeddable":true,"href":"http:\/\/rurallascolonias.com.ar\/index.php?rest_route=%2Fwp%2Fv2%2Fcategories&post=17080"},{"taxonomy":"post_tag","embeddable":true,"href":"http:\/\/rurallascolonias.com.ar\/index.php?rest_route=%2Fwp%2Fv2%2Ftags&post=17080"}],"curies":[{"name":"wp","href":"https:\/\/api.w.org\/{rel}","templated":true}]}}